{"id":994,"date":"2021-04-02T09:00:00","date_gmt":"2021-04-02T07:00:00","guid":{"rendered":"https:\/\/diocesi.concordia-pordenone.it\/caritas\/la-concordia-gennaio-aprile-2021\/"},"modified":"2021-12-16T18:04:18","modified_gmt":"2021-12-16T17:04:18","slug":"la-concordia-gennaio-aprile-2021","status":"publish","type":"post","link":"https:\/\/diocesi.concordia-pordenone.it\/caritas\/la-concordia-gennaio-aprile-2021\/","title":{"rendered":"La Concordia gennaio\/aprile 2021"},"content":{"rendered":"<div><\/div>\n<div>\n<p>Esce nella sola versione web il nuovo numero de <em>La Concordia<\/em>, in occasione della Pasqua, dedicato alla relazione annuale del Centro di Ascolto sull&#8217;attivit\u00e0 del 2020, ai due anni dell&#8217;Emporio Solidale, a diversi progetti sul territorio\u00a0legati al settore tessile, alla Rotta balcanica e alle novit\u00e0 nell&#8217;ambito\u00a0dell&#8217;abitare sociale.<\/p>\n<\/div>\n<div><\/div>\n<div><em>&#8220;La Concordia&#8221; \u00e8 una rivista quadrimestrale che fa conoscere il mondo della Caritas diocesana, i progetti e le azioni intraprese, i corsi di formazione, e d\u00e0 un&#8217;informazione sulle attivit\u00e0 delle Caritas parrocchiali. \u00c8 uno strumento per far circolare le notizie in modo capillare, nelle famiglie come nelle comunit\u00e0 parrocchiali.<\/em><\/div>\n<div><\/div>\n<div><\/div>\n<div><\/div>\n","protected":false},"excerpt":{"rendered":"<p>Esce nella sola versione web il nuovo numero de La Concordia, in occasione della Pasqua, dedicato alla relazione annuale del Centro di Ascolto sull&#8217;attivit\u00e0 del 2020, ai due anni dell&#8217;Emporio Solidale, a diversi progetti sul territorio legati al settore tessile, alla Rotta balcanica e alle novit\u00e0 nell&#8217;ambito dell&#8217;abitare sociale.<\/p>\n","protected":false},"author":0,"featured_media":0,"comment_status":"closed","ping_status":"closed","sticky":false,"template":"","format":"standard","meta":{"_acf_changed":false,"footnotes":""},"categories":[5],"tags":[],"class_list":["post-994","post","type-post","status-publish","format-standard","hentry","category-altre-news"],"acf":{"seed-localization-paese-cod":"","seed-localization-address":"","seed-localization-citta":"","seed-localization-regione-cod-istat":"","seed-localization-citta-cod-istat":"","seed-localization-localita":"","seed-localization-cap":"","seed-localization-geo":{"lat":41.9053433,"lng":12.5099945,"zoom":10,"markers":[],"address":"","layers":["OpenStreetMap.Mapnik"],"version":"1.3.2"},"seed-localization-marker-visibility":false,"seed-localization-children-visibility":false,"seed-localization-kml":"","seed-localization-custom-marker":""},"_links":{"self":[{"href":"https:\/\/diocesi.concordia-pordenone.it\/caritas\/wp-json\/wp\/v2\/posts\/994","targetHints":{"allow":["GET"]}}],"collection":[{"href":"https:\/\/diocesi.concordia-pordenone.it\/caritas\/wp-json\/wp\/v2\/posts"}],"about":[{"href":"https:\/\/diocesi.concordia-pordenone.it\/caritas\/wp-json\/wp\/v2\/types\/post"}],"author":[{"embeddable":true,"href":"https:\/\/diocesi.concordia-pordenone.it\/caritas\/wp-json\/wp\/v2\/users\/1"}],"replies":[{"embeddable":true,"href":"https:\/\/diocesi.concordia-pordenone.it\/caritas\/wp-json\/wp\/v2\/comments?post=994"}],"version-history":[{"count":4,"href":"https:\/\/diocesi.concordia-pordenone.it\/caritas\/wp-json\/wp\/v2\/posts\/994\/revisions"}],"predecessor-version":[{"id":1683,"href":"https:\/\/diocesi.concordia-pordenone.it\/caritas\/wp-json\/wp\/v2\/posts\/994\/revisions\/1683"}],"wp:attachment":[{"href":"https:\/\/diocesi.concordia-pordenone.it\/caritas\/wp-json\/wp\/v2\/media?parent=994"}],"wp:term":[{"taxonomy":"category","embeddable":true,"href":"https:\/\/diocesi.concordia-pordenone.it\/caritas\/wp-json\/wp\/v2\/categories?post=994"},{"taxonomy":"post_tag","embeddable":true,"href":"https:\/\/diocesi.concordia-pordenone.it\/caritas\/wp-json\/wp\/v2\/tags?post=994"}],"curies":[{"name":"wp","href":"https:\/\/api.w.org\/{rel}","templated":true}]}}