{"id":100,"date":"2018-12-19T11:00:00","date_gmt":"2018-12-19T10:00:00","guid":{"rendered":"https:\/\/diocesi.concordia-pordenone.it\/museo\/teatri35-per-grazia-ricevuta-museo-diocesano-darte-sacra-pordenone-tableaux-vivants-dallopera-di-michelangelo-merisi-da-caravaggio\/"},"modified":"2021-07-12T17:35:52","modified_gmt":"2021-07-12T15:35:52","slug":"teatri35-per-grazia-ricevuta-museo-diocesano-darte-sacra-pordenone-tableaux-vivants-dallopera-di-michelangelo-merisi-da-caravaggio","status":"publish","type":"post","link":"https:\/\/diocesi.concordia-pordenone.it\/museo\/teatri35-per-grazia-ricevuta-museo-diocesano-darte-sacra-pordenone-tableaux-vivants-dallopera-di-michelangelo-merisi-da-caravaggio\/","title":{"rendered":"TEATRI35 PER GRAZIA RICEVUTA MUSEO DIOCESANO D\u2019ARTE SACRA"},"content":{"rendered":"<div style=\"text-align: center;\">\n<div style=\"text-align: left;\">Morbidi drappeggi e muscoli tesi. Lame, frutti e odore d&#8217;incenso.<\/div>\n<div style=\"text-align: left;\">Attori come attrezzi, stenografi e modelli del pittore.<\/div>\n<div style=\"text-align: left;\">Piume e pesi in sospensione.<\/div>\n<div style=\"text-align: left;\">Il silenzio sacrale profanato dal ritmo della costruzione.<\/div>\n<div style=\"text-align: left;\">Le tele si componrgono sotto l&#8217;occhio dello spettatore coinvolto in un&#8217;esperienza mistica e sensoriale.<\/div>\n<div style=\"text-align: left;\">Caravaggio si sente, si assapora, si tocca, si respira; si vede.<\/div>\n<div style=\"text-align: left;\"><\/div>\n<div style=\"text-align: left;\">La performance sui Tableux Vivants &#8220;Per Grazia Ricevuta&#8221; affonda le radici in un&#8217;esperienza la laboratoriale di svariati anni che pone al centro i I corpo deIl&#8217;attore. Arrivare alla costruzione del quadro non \u00e8 il fine; c\u00f2 che viene ricercata \u00e8 una modalit\u00e0 di lavoro in cui il corpo \u00e8 semplice strumento, un mezzo alla pari di una stoffa o di un cesto. Il singolo attore in scena compie le azioni sonore, azioni inserite in una partitura musica le in cui ogni gesto \u00e8 in funzione di una meccanica, di un ingranaggio in cui ci\u00f2 che viene eseguito \u00e8 strettamente necessario.<\/div>\n<\/div>\n<div style=\"text-align: center;\"><\/div>\n<hr class=\"wpba_attachment_hr\"><div id='wpba_attachment_list' class='wpba wpba-wrap'>\n<ul class='wpba-attachment-list unstyled'><li id='wpba_attachment_list_102' class='wpba-list-item pull-left'><img src='https:\/\/diocesi.concordia-pordenone.it\/museo\/wp-content\/themes\/wp-starter-so\/icons\/document.png' width='16' height='20' class='wpba-icon pull-left'><a href='https:\/\/diocesi.concordia-pordenone.it\/museo\/wp-content\/uploads\/sites\/9\/2021\/07\/ITDA_2018_0401_a3.pdf' title='ITDA_2018_0401_a3' class='wpba-link pull-left' target=\"_blank\">ITDA_2018_0401_a3<\/a><\/li>\n<\/ul><\/div>\n","protected":false},"excerpt":{"rendered":"<p>Venerd\u00ec 4 gennaio ore 20,45 presso il MUSEO DIOCESANO D\u2019ARTE SACRA &#8211; PORDENONE &#8211; ingresso libero: TEATRI35 PER GRAZIA RICEVUTA &#8211; tableaux vivants dall\u2019opera di Michelangelo Merisi da Caravaggio<\/p>\n","protected":false},"author":0,"featured_media":101,"comment_status":"closed","ping_status":"closed","sticky":false,"template":"","format":"standard","meta":{"_acf_changed":false,"footnotes":""},"categories":[5],"tags":[],"class_list":["post-100","post","type-post","status-publish","format-standard","has-post-thumbnail","hentry","category-altre-news"],"acf":[],"_links":{"self":[{"href":"https:\/\/diocesi.concordia-pordenone.it\/museo\/wp-json\/wp\/v2\/posts\/100","targetHints":{"allow":["GET"]}}],"collection":[{"href":"https:\/\/diocesi.concordia-pordenone.it\/museo\/wp-json\/wp\/v2\/posts"}],"about":[{"href":"https:\/\/diocesi.concordia-pordenone.it\/museo\/wp-json\/wp\/v2\/types\/post"}],"author":[{"embeddable":true,"href":"https:\/\/diocesi.concordia-pordenone.it\/museo\/wp-json\/wp\/v2\/users\/1"}],"replies":[{"embeddable":true,"href":"https:\/\/diocesi.concordia-pordenone.it\/museo\/wp-json\/wp\/v2\/comments?post=100"}],"version-history":[{"count":1,"href":"https:\/\/diocesi.concordia-pordenone.it\/museo\/wp-json\/wp\/v2\/posts\/100\/revisions"}],"predecessor-version":[{"id":107,"href":"https:\/\/diocesi.concordia-pordenone.it\/museo\/wp-json\/wp\/v2\/posts\/100\/revisions\/107"}],"wp:featuredmedia":[{"embeddable":true,"href":"https:\/\/diocesi.concordia-pordenone.it\/museo\/wp-json\/wp\/v2\/media\/101"}],"wp:attachment":[{"href":"https:\/\/diocesi.concordia-pordenone.it\/museo\/wp-json\/wp\/v2\/media?parent=100"}],"wp:term":[{"taxonomy":"category","embeddable":true,"href":"https:\/\/diocesi.concordia-pordenone.it\/museo\/wp-json\/wp\/v2\/categories?post=100"},{"taxonomy":"post_tag","embeddable":true,"href":"https:\/\/diocesi.concordia-pordenone.it\/museo\/wp-json\/wp\/v2\/tags?post=100"}],"curies":[{"name":"wp","href":"https:\/\/api.w.org\/{rel}","templated":true}]}}