{"id":102,"date":"2014-02-18T13:22:00","date_gmt":"2014-02-18T12:22:00","guid":{"rendered":"https:\/\/diocesi.concordia-pordenone.it\/scuola\/ritiro-in-preparazione-della-quaresima-2\/"},"modified":"2014-02-18T13:22:00","modified_gmt":"2014-02-18T12:22:00","slug":"ritiro-in-preparazione-della-quaresima-2","status":"publish","type":"post","link":"https:\/\/diocesi.concordia-pordenone.it\/scuola\/ritiro-in-preparazione-della-quaresima-2\/","title":{"rendered":"Ritiro in preparazione della Quaresima"},"content":{"rendered":"<div>Carissimi Insegnanti,<\/div>\n<div>anche in vista della Quaresima, in collaborazione con l\u2019Ufficio Catechistico vi proponiamo un momento \u2018rigeneratore\u2019 per la cura della dimensione spirituale.<\/div>\n<div>Il ritiro sar\u00e0 guidato da don Maurizio Girolami e la preghiera iniziale sar\u00e0 curata dal Gruppo Gioia de La Nostra Famiglia, ci sar\u00e0 spazio anche per un momento di riflessione personale e per accostarsi al sacramento della riconciliazione.<\/div>\n<div>Vi aspetto sabato 22 febbraio, dalle ore 14.45 alle ore 17.30 presso la Casa Madonna Pellegrina.<\/div>\n<div>Cordiali saluti<\/div>\n<div>il Direttore<\/div>\n<div>dott. Giovanni Dalla Torre<\/div>\n","protected":false},"excerpt":{"rendered":"<p>Carissimi Insegnanti, anche in vista della Quaresima, in collaborazione con l\u2019Ufficio Catechistico vi proponiamo un momento \u2018rigeneratore\u2019 per la cura della dimensione spirituale. Il ritiro sar\u00e0 guidato da don Maurizio Girolami e la preghiera iniziale sar\u00e0 curata dal Gruppo Gioia de La Nostra Famiglia, ci sar\u00e0 spazio anche per un momento di riflessione personale e per accostarsi al sacramento della riconciliazione. Vi aspetto sabato 22 &hellip; <a href=\"https:\/\/diocesi.concordia-pordenone.it\/scuola\/ritiro-in-preparazione-della-quaresima-2\/\" class=\"more-link\">Continue reading <span class=\"screen-reader-text\"><\/span> <span class=\"meta-nav\">&raquo;<\/span><\/a><\/p>\n","protected":false},"author":0,"featured_media":0,"comment_status":"closed","ping_status":"closed","sticky":false,"template":"","format":"standard","meta":{"_acf_changed":false,"footnotes":""},"categories":[3],"tags":[],"class_list":["post-102","post","type-post","status-publish","format-standard","hentry","category-news"],"acf":[],"_links":{"self":[{"href":"https:\/\/diocesi.concordia-pordenone.it\/scuola\/wp-json\/wp\/v2\/posts\/102","targetHints":{"allow":["GET"]}}],"collection":[{"href":"https:\/\/diocesi.concordia-pordenone.it\/scuola\/wp-json\/wp\/v2\/posts"}],"about":[{"href":"https:\/\/diocesi.concordia-pordenone.it\/scuola\/wp-json\/wp\/v2\/types\/post"}],"author":[{"embeddable":true,"href":"https:\/\/diocesi.concordia-pordenone.it\/scuola\/wp-json\/wp\/v2\/users\/1"}],"replies":[{"embeddable":true,"href":"https:\/\/diocesi.concordia-pordenone.it\/scuola\/wp-json\/wp\/v2\/comments?post=102"}],"version-history":[{"count":0,"href":"https:\/\/diocesi.concordia-pordenone.it\/scuola\/wp-json\/wp\/v2\/posts\/102\/revisions"}],"wp:attachment":[{"href":"https:\/\/diocesi.concordia-pordenone.it\/scuola\/wp-json\/wp\/v2\/media?parent=102"}],"wp:term":[{"taxonomy":"category","embeddable":true,"href":"https:\/\/diocesi.concordia-pordenone.it\/scuola\/wp-json\/wp\/v2\/categories?post=102"},{"taxonomy":"post_tag","embeddable":true,"href":"https:\/\/diocesi.concordia-pordenone.it\/scuola\/wp-json\/wp\/v2\/tags?post=102"}],"curies":[{"name":"wp","href":"https:\/\/api.w.org\/{rel}","templated":true}]}}