{"id":110,"date":"2014-07-25T10:09:00","date_gmt":"2014-07-25T08:09:00","guid":{"rendered":"https:\/\/diocesi.concordia-pordenone.it\/scuola\/avvio-anno-pastorale\/"},"modified":"2014-07-25T10:09:00","modified_gmt":"2014-07-25T08:09:00","slug":"avvio-anno-pastorale","status":"publish","type":"post","link":"https:\/\/diocesi.concordia-pordenone.it\/scuola\/avvio-anno-pastorale\/","title":{"rendered":"Avvio Anno pastorale"},"content":{"rendered":"<div>Carissimi insegnanti,<\/div>\n<div>anche quest\u2019anno la diocesi propone un\u2019apertura dell\u2019anno pastorale (<strong>domenica 28 settembre 2014, Centro pastorale Giovanni Paolo II di Porcia<\/strong>) volta a incontrare gli operatori pastorali per un annuncio gioioso della fede.\u00a0<\/div>\n<div>Verranno allestiti dei laboratori cos\u00ec come degli stand perch\u00e9 ogni ufficio possa \u2018presentarsi\u2019. Anche all\u2019ufficio scuola \u00e8 affidato uno stand assieme all\u2019ISSR. Lo stand \u00e8 uno spazio (che rimarr\u00e0 aperto dalle 14.30 alle 19.00) in cui le persone possono sostare per il tempo che riterranno opportuno e con loro sar\u00e0 ; possibile fare una chiacchierata informale.<\/div>\n<div>Quest\u2019anno desideriamo che lo stand non rimanga solo un luogo di passaggio ove attingere informazioni sull\u2019IRC, ma possa essere occasione per segnalare, raccontare, visionare esperienze significative vissute a scuola con i ragazzi. Sappiamo che tra voi c\u2019\u00e8 chi porta i ragazzi alla mensa Caritas a Roma, oppure chi fa vivere un\u2019esperienza di servizio in Africa durante l\u2019estate, chi si dedica alla conoscenza del territorio, chi utilizza particolari mediatori didattici in aula (cinema, arte\u2026), ecc.<\/div>\n<div>Ecco allora la proposta: allestire uno stand ove queste esperienze prendono spazio con foto, filmati, con la presenza magari di qualche studente\u2026<\/div>\n<div>Chiedo a chi \u00e8 interessato mandare all\u2019ufficio (entro il 25 luglio p.v.) una breve presentazione dell\u2019esperienza che vorrebbe inserire nello stand.\u00a0<\/div>\n<div>Credo che possa diventare una bella occasione per dare volto all\u2019IRC.\u00a0<\/div>\n<div>Attendo le vostre proposte!<\/div>\n<div>Un cordiale saluto<\/div>\n<div>dott. Giovanni Dalla Torre<\/div>\n","protected":false},"excerpt":{"rendered":"<p>Carissimi insegnanti, anche quest\u2019anno la diocesi propone un\u2019apertura dell\u2019anno pastorale (domenica 28 settembre 2014, Centro pastorale Giovanni Paolo II di Porcia) volta a incontrare gli operatori pastorali per un annuncio gioioso della fede.\u00a0 Verranno allestiti dei laboratori cos\u00ec come degli stand perch\u00e9 ogni ufficio possa \u2018presentarsi\u2019. Anche all\u2019ufficio scuola \u00e8 affidato uno stand assieme all\u2019ISSR. Lo stand \u00e8 uno spazio (che rimarr\u00e0 aperto dalle 14.30 &hellip; <a href=\"https:\/\/diocesi.concordia-pordenone.it\/scuola\/avvio-anno-pastorale\/\" class=\"more-link\">Continue reading <span class=\"screen-reader-text\"><\/span> <span class=\"meta-nav\">&raquo;<\/span><\/a><\/p>\n","protected":false},"author":0,"featured_media":0,"comment_status":"closed","ping_status":"closed","sticky":false,"template":"","format":"standard","meta":{"_acf_changed":false,"footnotes":""},"categories":[3],"tags":[],"class_list":["post-110","post","type-post","status-publish","format-standard","hentry","category-news"],"acf":[],"_links":{"self":[{"href":"https:\/\/diocesi.concordia-pordenone.it\/scuola\/wp-json\/wp\/v2\/posts\/110","targetHints":{"allow":["GET"]}}],"collection":[{"href":"https:\/\/diocesi.concordia-pordenone.it\/scuola\/wp-json\/wp\/v2\/posts"}],"about":[{"href":"https:\/\/diocesi.concordia-pordenone.it\/scuola\/wp-json\/wp\/v2\/types\/post"}],"author":[{"embeddable":true,"href":"https:\/\/diocesi.concordia-pordenone.it\/scuola\/wp-json\/wp\/v2\/users\/1"}],"replies":[{"embeddable":true,"href":"https:\/\/diocesi.concordia-pordenone.it\/scuola\/wp-json\/wp\/v2\/comments?post=110"}],"version-history":[{"count":0,"href":"https:\/\/diocesi.concordia-pordenone.it\/scuola\/wp-json\/wp\/v2\/posts\/110\/revisions"}],"wp:attachment":[{"href":"https:\/\/diocesi.concordia-pordenone.it\/scuola\/wp-json\/wp\/v2\/media?parent=110"}],"wp:term":[{"taxonomy":"category","embeddable":true,"href":"https:\/\/diocesi.concordia-pordenone.it\/scuola\/wp-json\/wp\/v2\/categories?post=110"},{"taxonomy":"post_tag","embeddable":true,"href":"https:\/\/diocesi.concordia-pordenone.it\/scuola\/wp-json\/wp\/v2\/tags?post=110"}],"curies":[{"name":"wp","href":"https:\/\/api.w.org\/{rel}","templated":true}]}}