{"id":113,"date":"2014-10-20T13:27:00","date_gmt":"2014-10-20T11:27:00","guid":{"rendered":"https:\/\/diocesi.concordia-pordenone.it\/scuola\/2-inviti\/"},"modified":"2014-10-20T13:27:00","modified_gmt":"2014-10-20T11:27:00","slug":"2-inviti","status":"publish","type":"post","link":"https:\/\/diocesi.concordia-pordenone.it\/scuola\/2-inviti\/","title":{"rendered":"2 inviti"},"content":{"rendered":"<div>Carissimi,\u00a0<\/div>\n<div>\u00a0<\/div>\n<div>vi giriamo due inviti:<\/div>\n<div>\u00a0<\/div>\n<div>1. <strong>Serata di cinema e musica<\/strong>: Zerorchestra plays Buster Keaton, venerd\u00ec 24 Venerd\u00ec 24 ottobre, alle ore 21.00, per inaugurare ufficialmente e pubblicamente l&#8217;anno degli anniversari, si svolger\u00e0 presso il Teatro Russolo (Portogruaro) una serata di cinema e musica: Zerorchestra plays Buster Keaton. Zerorchestra \u00e8 un ensemble pordenonese di eccellenze del jazz; nasce nel 1995 su iniziativa di Cinemazero con il progetto di produrre musica per film scelti tra i tanti capolavori del cinema muto; riunisce alcuni tra i migliori musicisti, di estrazione jazzistica e non, del territorio pordenonese\u00a0<\/div>\n<div>\u00a0<\/div>\n<div>2. <strong>La prolusione dell\u2019anno accademico 2014\/15 dell\u2019ISSR<\/strong> per marted\u00ec 4 novembre, ore 17.00 presso il Collegio Marconi a Portogruaro, interverr\u00e0 mons. Rino Fisichella su La teologia la servizio dell\u2019evangelizzazione (v. allegato)<\/div>\n<div>\u00a0<\/div>\n<div>Cordiali saluti<\/div>\n<div>\u00a0<\/div>\n<div>il Direttore<\/div>\n<div>dott. Giovanni Dalla Torre<\/div>\n","protected":false},"excerpt":{"rendered":"<p>Carissimi,\u00a0 \u00a0 vi giriamo due inviti: \u00a0 1. Serata di cinema e musica: Zerorchestra plays Buster Keaton, venerd\u00ec 24 Venerd\u00ec 24 ottobre, alle ore 21.00, per inaugurare ufficialmente e pubblicamente l&#8217;anno degli anniversari, si svolger\u00e0 presso il Teatro Russolo (Portogruaro) una serata di cinema e musica: Zerorchestra plays Buster Keaton. Zerorchestra \u00e8 un ensemble pordenonese di eccellenze del jazz; nasce nel 1995 su iniziativa di &hellip; <a href=\"https:\/\/diocesi.concordia-pordenone.it\/scuola\/2-inviti\/\" class=\"more-link\">Continue reading <span class=\"screen-reader-text\"><\/span> <span class=\"meta-nav\">&raquo;<\/span><\/a><\/p>\n","protected":false},"author":0,"featured_media":0,"comment_status":"closed","ping_status":"closed","sticky":false,"template":"","format":"standard","meta":{"_acf_changed":false,"footnotes":""},"categories":[3],"tags":[],"class_list":["post-113","post","type-post","status-publish","format-standard","hentry","category-news"],"acf":[],"_links":{"self":[{"href":"https:\/\/diocesi.concordia-pordenone.it\/scuola\/wp-json\/wp\/v2\/posts\/113","targetHints":{"allow":["GET"]}}],"collection":[{"href":"https:\/\/diocesi.concordia-pordenone.it\/scuola\/wp-json\/wp\/v2\/posts"}],"about":[{"href":"https:\/\/diocesi.concordia-pordenone.it\/scuola\/wp-json\/wp\/v2\/types\/post"}],"author":[{"embeddable":true,"href":"https:\/\/diocesi.concordia-pordenone.it\/scuola\/wp-json\/wp\/v2\/users\/1"}],"replies":[{"embeddable":true,"href":"https:\/\/diocesi.concordia-pordenone.it\/scuola\/wp-json\/wp\/v2\/comments?post=113"}],"version-history":[{"count":0,"href":"https:\/\/diocesi.concordia-pordenone.it\/scuola\/wp-json\/wp\/v2\/posts\/113\/revisions"}],"wp:attachment":[{"href":"https:\/\/diocesi.concordia-pordenone.it\/scuola\/wp-json\/wp\/v2\/media?parent=113"}],"wp:term":[{"taxonomy":"category","embeddable":true,"href":"https:\/\/diocesi.concordia-pordenone.it\/scuola\/wp-json\/wp\/v2\/categories?post=113"},{"taxonomy":"post_tag","embeddable":true,"href":"https:\/\/diocesi.concordia-pordenone.it\/scuola\/wp-json\/wp\/v2\/tags?post=113"}],"curies":[{"name":"wp","href":"https:\/\/api.w.org\/{rel}","templated":true}]}}