{"id":119,"date":"2015-01-09T16:08:00","date_gmt":"2015-01-09T15:08:00","guid":{"rendered":"https:\/\/diocesi.concordia-pordenone.it\/scuola\/incontro-di-formazione-conclusivo\/"},"modified":"2015-01-09T16:08:00","modified_gmt":"2015-01-09T15:08:00","slug":"incontro-di-formazione-conclusivo","status":"publish","type":"post","link":"https:\/\/diocesi.concordia-pordenone.it\/scuola\/incontro-di-formazione-conclusivo\/","title":{"rendered":"Incontro di formazione conclusivo"},"content":{"rendered":"<p>Carissimi insegnanti,vi invio la comunicazione in allegato e vi ricordo il prossimo appuntamento a conclusione del percorso \u201cMotivarsi per motivare e comunicare Ges\u00f9\u201d che si terr\u00e0 mercoled\u00ec 14 gennaio p.v., ore 17.00-19.00. Sar\u00e0 presente don Giosu\u00e8 su \u201cIl docente motivato\u201d.A presto!<i>il Direttore<\/i><i>dott. Giovanni Dalla Torre<\/i><\/p>\n","protected":false},"excerpt":{"rendered":"<p>Carissimi insegnanti,vi invio la comunicazione in allegato e vi ricordo il prossimo appuntamento a conclusione del percorso \u201cMotivarsi per motivare e comunicare Ges\u00f9\u201d che si terr\u00e0 mercoled\u00ec 14 gennaio p.v., ore 17.00-19.00. Sar\u00e0 presente don Giosu\u00e8 su \u201cIl docente motivato\u201d.A presto!il Direttoredott. Giovanni Dalla Torre<\/p>\n","protected":false},"author":0,"featured_media":0,"comment_status":"closed","ping_status":"closed","sticky":false,"template":"","format":"standard","meta":{"_acf_changed":false,"footnotes":""},"categories":[3],"tags":[],"class_list":["post-119","post","type-post","status-publish","format-standard","hentry","category-news"],"acf":[],"_links":{"self":[{"href":"https:\/\/diocesi.concordia-pordenone.it\/scuola\/wp-json\/wp\/v2\/posts\/119","targetHints":{"allow":["GET"]}}],"collection":[{"href":"https:\/\/diocesi.concordia-pordenone.it\/scuola\/wp-json\/wp\/v2\/posts"}],"about":[{"href":"https:\/\/diocesi.concordia-pordenone.it\/scuola\/wp-json\/wp\/v2\/types\/post"}],"author":[{"embeddable":true,"href":"https:\/\/diocesi.concordia-pordenone.it\/scuola\/wp-json\/wp\/v2\/users\/1"}],"replies":[{"embeddable":true,"href":"https:\/\/diocesi.concordia-pordenone.it\/scuola\/wp-json\/wp\/v2\/comments?post=119"}],"version-history":[{"count":0,"href":"https:\/\/diocesi.concordia-pordenone.it\/scuola\/wp-json\/wp\/v2\/posts\/119\/revisions"}],"wp:attachment":[{"href":"https:\/\/diocesi.concordia-pordenone.it\/scuola\/wp-json\/wp\/v2\/media?parent=119"}],"wp:term":[{"taxonomy":"category","embeddable":true,"href":"https:\/\/diocesi.concordia-pordenone.it\/scuola\/wp-json\/wp\/v2\/categories?post=119"},{"taxonomy":"post_tag","embeddable":true,"href":"https:\/\/diocesi.concordia-pordenone.it\/scuola\/wp-json\/wp\/v2\/tags?post=119"}],"curies":[{"name":"wp","href":"https:\/\/api.w.org\/{rel}","templated":true}]}}