{"id":127,"date":"2015-05-20T17:43:00","date_gmt":"2015-05-20T15:43:00","guid":{"rendered":"https:\/\/diocesi.concordia-pordenone.it\/scuola\/veglia-ecumenica-di-pentecoste\/"},"modified":"2015-05-20T17:43:00","modified_gmt":"2015-05-20T15:43:00","slug":"veglia-ecumenica-di-pentecoste","status":"publish","type":"post","link":"https:\/\/diocesi.concordia-pordenone.it\/scuola\/veglia-ecumenica-di-pentecoste\/","title":{"rendered":"Veglia ecumenica di pentecoste"},"content":{"rendered":"<p>Vi comunichiamo che si svolger\u00e0 il 22 maggio, alle 20.30 presso la Chiesa di S. Antonio a Cordenons, una veglia ecumenica, che coinvolger\u00e0 le differenti cristianit\u00e0 presenti in diocesi, per invocare insieme lo Spirito Santo.Potete scaricare sotto il manifesto dell&#8217;iniziativa.Buon fine anno scolastico.<\/p>\n","protected":false},"excerpt":{"rendered":"<p>Vi comunichiamo che si svolger\u00e0 il 22 maggio, alle 20.30 presso la Chiesa di S. Antonio a Cordenons, una veglia ecumenica, che coinvolger\u00e0 le differenti cristianit\u00e0 presenti in diocesi, per invocare insieme lo Spirito Santo.Potete scaricare sotto il manifesto dell&#8217;iniziativa.Buon fine anno scolastico.<\/p>\n","protected":false},"author":0,"featured_media":0,"comment_status":"closed","ping_status":"closed","sticky":false,"template":"","format":"standard","meta":{"_acf_changed":false,"footnotes":""},"categories":[3],"tags":[],"class_list":["post-127","post","type-post","status-publish","format-standard","hentry","category-news"],"acf":[],"_links":{"self":[{"href":"https:\/\/diocesi.concordia-pordenone.it\/scuola\/wp-json\/wp\/v2\/posts\/127","targetHints":{"allow":["GET"]}}],"collection":[{"href":"https:\/\/diocesi.concordia-pordenone.it\/scuola\/wp-json\/wp\/v2\/posts"}],"about":[{"href":"https:\/\/diocesi.concordia-pordenone.it\/scuola\/wp-json\/wp\/v2\/types\/post"}],"author":[{"embeddable":true,"href":"https:\/\/diocesi.concordia-pordenone.it\/scuola\/wp-json\/wp\/v2\/users\/1"}],"replies":[{"embeddable":true,"href":"https:\/\/diocesi.concordia-pordenone.it\/scuola\/wp-json\/wp\/v2\/comments?post=127"}],"version-history":[{"count":0,"href":"https:\/\/diocesi.concordia-pordenone.it\/scuola\/wp-json\/wp\/v2\/posts\/127\/revisions"}],"wp:attachment":[{"href":"https:\/\/diocesi.concordia-pordenone.it\/scuola\/wp-json\/wp\/v2\/media?parent=127"}],"wp:term":[{"taxonomy":"category","embeddable":true,"href":"https:\/\/diocesi.concordia-pordenone.it\/scuola\/wp-json\/wp\/v2\/categories?post=127"},{"taxonomy":"post_tag","embeddable":true,"href":"https:\/\/diocesi.concordia-pordenone.it\/scuola\/wp-json\/wp\/v2\/tags?post=127"}],"curies":[{"name":"wp","href":"https:\/\/api.w.org\/{rel}","templated":true}]}}