{"id":129,"date":"2015-08-12T14:20:00","date_gmt":"2015-08-12T12:20:00","guid":{"rendered":"https:\/\/diocesi.concordia-pordenone.it\/scuola\/giubileo-della-misericordia\/"},"modified":"2015-08-12T14:20:00","modified_gmt":"2015-08-12T12:20:00","slug":"giubileo-della-misericordia","status":"publish","type":"post","link":"https:\/\/diocesi.concordia-pordenone.it\/scuola\/giubileo-della-misericordia\/","title":{"rendered":"Giubileo della misericordia"},"content":{"rendered":"<div>Carissimi,<br >in clima estivo vi raggiungo anticipandovi di molto l\u2019iniziativa di cui all\u2019oggetto.<br >Si tratta di una viaggio a Roma (v. allegato), approfittando della chiusura delle scuole per Le Ceneri, quindi il periodo interessato \u00e8 febbraio 2016!<br >Vi diamo gi\u00e0 notizia di questa opportunit\u00e0 perch\u00e9 come ben immaginate il Giubileo della misericordia richiamer\u00e0 molti pellegrini a Roma e quindi c\u2019\u00e8 la necessit\u00e0 di muoversi con largo anticipo.<br >Per qualsiasi informazione non esitate a contattare i numeri segnalati.<br >Buona estate!<\/p>\n<p><br >Il Direttore<\/p>\n<p>dott. Giovanni Dalla Torre<\/p>\n<p>\u00a0<\/p><\/div>\n","protected":false},"excerpt":{"rendered":"<p>Carissimi,in clima estivo vi raggiungo anticipandovi di molto l\u2019iniziativa di cui all\u2019oggetto.Si tratta di una viaggio a Roma (v. allegato), approfittando della chiusura delle scuole per Le Ceneri, quindi il periodo interessato \u00e8 febbraio 2016!Vi diamo gi\u00e0 notizia di questa opportunit\u00e0 perch\u00e9 come ben immaginate il Giubileo della misericordia richiamer\u00e0 molti pellegrini a Roma e quindi c\u2019\u00e8 la necessit\u00e0 di muoversi con largo anticipo.Per qualsiasi &hellip; <a href=\"https:\/\/diocesi.concordia-pordenone.it\/scuola\/giubileo-della-misericordia\/\" class=\"more-link\">Continue reading <span class=\"screen-reader-text\"><\/span> <span class=\"meta-nav\">&raquo;<\/span><\/a><\/p>\n","protected":false},"author":0,"featured_media":130,"comment_status":"closed","ping_status":"closed","sticky":false,"template":"","format":"standard","meta":{"_acf_changed":false,"footnotes":""},"categories":[3],"tags":[],"class_list":["post-129","post","type-post","status-publish","format-standard","has-post-thumbnail","hentry","category-news"],"acf":[],"_links":{"self":[{"href":"https:\/\/diocesi.concordia-pordenone.it\/scuola\/wp-json\/wp\/v2\/posts\/129","targetHints":{"allow":["GET"]}}],"collection":[{"href":"https:\/\/diocesi.concordia-pordenone.it\/scuola\/wp-json\/wp\/v2\/posts"}],"about":[{"href":"https:\/\/diocesi.concordia-pordenone.it\/scuola\/wp-json\/wp\/v2\/types\/post"}],"author":[{"embeddable":true,"href":"https:\/\/diocesi.concordia-pordenone.it\/scuola\/wp-json\/wp\/v2\/users\/1"}],"replies":[{"embeddable":true,"href":"https:\/\/diocesi.concordia-pordenone.it\/scuola\/wp-json\/wp\/v2\/comments?post=129"}],"version-history":[{"count":0,"href":"https:\/\/diocesi.concordia-pordenone.it\/scuola\/wp-json\/wp\/v2\/posts\/129\/revisions"}],"wp:featuredmedia":[{"embeddable":true,"href":"https:\/\/diocesi.concordia-pordenone.it\/scuola\/wp-json\/wp\/v2\/media\/130"}],"wp:attachment":[{"href":"https:\/\/diocesi.concordia-pordenone.it\/scuola\/wp-json\/wp\/v2\/media?parent=129"}],"wp:term":[{"taxonomy":"category","embeddable":true,"href":"https:\/\/diocesi.concordia-pordenone.it\/scuola\/wp-json\/wp\/v2\/categories?post=129"},{"taxonomy":"post_tag","embeddable":true,"href":"https:\/\/diocesi.concordia-pordenone.it\/scuola\/wp-json\/wp\/v2\/tags?post=129"}],"curies":[{"name":"wp","href":"https:\/\/api.w.org\/{rel}","templated":true}]}}