{"id":142,"date":"2016-02-20T10:11:00","date_gmt":"2016-02-20T09:11:00","guid":{"rendered":"https:\/\/diocesi.concordia-pordenone.it\/scuola\/ritiro-di-quaresima\/"},"modified":"2016-02-20T10:11:00","modified_gmt":"2016-02-20T09:11:00","slug":"ritiro-di-quaresima","status":"publish","type":"post","link":"https:\/\/diocesi.concordia-pordenone.it\/scuola\/ritiro-di-quaresima\/","title":{"rendered":"Ritiro di Quaresima"},"content":{"rendered":"<div>Carissimi,<\/p>\n<p>la prossima tappa dell\u2019itinerario Spirituale che segue il tema dell\u2019anno pastorale leggendo l\u2019icona biblica \u00e8 il Ritiro Spirituale di Quaresima rivolto a catechisti e insegnanti di religione.<\/p>\n<p>Si terr\u00e0 sabato 27 febbraio, alle ore 14.45 presso il Centro Pastorale Seminario e avr\u00e0 come tema: Il dono di s\u00e9, la condizione del riposo.<\/p>\n<p>Guider\u00e0 la preghiera il Gruppo Gioia de La Nostra Famiglia di S. Vito al Tagliamento; la riflessione sar\u00e0 proposta da don Maurizio Girolami.<\/p>\n<p>Nell\u2019attesa di incontrarci numerosi, saluto cordialmente.<\/p>\n<p>il Direttore<\/p>\n<p>dott. Giovanni Dalla Torre<\/p><\/div>\n","protected":false},"excerpt":{"rendered":"<p>Carissimi, la prossima tappa dell\u2019itinerario Spirituale che segue il tema dell\u2019anno pastorale leggendo l\u2019icona biblica \u00e8 il Ritiro Spirituale di Quaresima rivolto a catechisti e insegnanti di religione. Si terr\u00e0 sabato 27 febbraio, alle ore 14.45 presso il Centro Pastorale Seminario e avr\u00e0 come tema: Il dono di s\u00e9, la condizione del riposo. Guider\u00e0 la preghiera il Gruppo Gioia de La Nostra Famiglia di S. &hellip; <a href=\"https:\/\/diocesi.concordia-pordenone.it\/scuola\/ritiro-di-quaresima\/\" class=\"more-link\">Continue reading <span class=\"screen-reader-text\"><\/span> <span class=\"meta-nav\">&raquo;<\/span><\/a><\/p>\n","protected":false},"author":0,"featured_media":0,"comment_status":"closed","ping_status":"closed","sticky":false,"template":"","format":"standard","meta":{"_acf_changed":false,"footnotes":""},"categories":[3],"tags":[],"class_list":["post-142","post","type-post","status-publish","format-standard","hentry","category-news"],"acf":[],"_links":{"self":[{"href":"https:\/\/diocesi.concordia-pordenone.it\/scuola\/wp-json\/wp\/v2\/posts\/142","targetHints":{"allow":["GET"]}}],"collection":[{"href":"https:\/\/diocesi.concordia-pordenone.it\/scuola\/wp-json\/wp\/v2\/posts"}],"about":[{"href":"https:\/\/diocesi.concordia-pordenone.it\/scuola\/wp-json\/wp\/v2\/types\/post"}],"author":[{"embeddable":true,"href":"https:\/\/diocesi.concordia-pordenone.it\/scuola\/wp-json\/wp\/v2\/users\/1"}],"replies":[{"embeddable":true,"href":"https:\/\/diocesi.concordia-pordenone.it\/scuola\/wp-json\/wp\/v2\/comments?post=142"}],"version-history":[{"count":0,"href":"https:\/\/diocesi.concordia-pordenone.it\/scuola\/wp-json\/wp\/v2\/posts\/142\/revisions"}],"wp:attachment":[{"href":"https:\/\/diocesi.concordia-pordenone.it\/scuola\/wp-json\/wp\/v2\/media?parent=142"}],"wp:term":[{"taxonomy":"category","embeddable":true,"href":"https:\/\/diocesi.concordia-pordenone.it\/scuola\/wp-json\/wp\/v2\/categories?post=142"},{"taxonomy":"post_tag","embeddable":true,"href":"https:\/\/diocesi.concordia-pordenone.it\/scuola\/wp-json\/wp\/v2\/tags?post=142"}],"curies":[{"name":"wp","href":"https:\/\/api.w.org\/{rel}","templated":true}]}}