{"id":146,"date":"2016-05-12T13:25:00","date_gmt":"2016-05-12T11:25:00","guid":{"rendered":"https:\/\/diocesi.concordia-pordenone.it\/scuola\/viaggio-in-terra-santa\/"},"modified":"2016-05-12T13:25:00","modified_gmt":"2016-05-12T11:25:00","slug":"viaggio-in-terra-santa","status":"publish","type":"post","link":"https:\/\/diocesi.concordia-pordenone.it\/scuola\/viaggio-in-terra-santa\/","title":{"rendered":"Viaggio in Terra Santa"},"content":{"rendered":"<div>Carissimi,<br >vi segnaliamo fin da ora la proposta dell\u2019ISSR di Portogruaro per l\u2019estate 2017: un viaggio studio in Terra Santa. Le visite comprenderanno oltre ai luoghi classici dei pellegrinaggi cristiani, anche altri siti di interesse culturale che danno l\u2019idea della variet\u00e0 della societ\u00e0 dei tempi di Ges\u00f9.<br >Pur essendo la prossima estate, per fissare i costi \u00e8 necessaria la preiscrizione entro il 20 maggio che pu\u00f2 essere effettuata c\/o l\u2019ISSR.<br >Cordiali saluti<\/p>\n<p>il Direttore<\/p>\n<p>dott. Giovanni Dalla Torre<\/p><\/div>\n","protected":false},"excerpt":{"rendered":"<p>Carissimi,vi segnaliamo fin da ora la proposta dell\u2019ISSR di Portogruaro per l\u2019estate 2017: un viaggio studio in Terra Santa. Le visite comprenderanno oltre ai luoghi classici dei pellegrinaggi cristiani, anche altri siti di interesse culturale che danno l\u2019idea della variet\u00e0 della societ\u00e0 dei tempi di Ges\u00f9.Pur essendo la prossima estate, per fissare i costi \u00e8 necessaria la preiscrizione entro il 20 maggio che pu\u00f2 essere &hellip; <a href=\"https:\/\/diocesi.concordia-pordenone.it\/scuola\/viaggio-in-terra-santa\/\" class=\"more-link\">Continue reading <span class=\"screen-reader-text\"><\/span> <span class=\"meta-nav\">&raquo;<\/span><\/a><\/p>\n","protected":false},"author":0,"featured_media":0,"comment_status":"closed","ping_status":"closed","sticky":false,"template":"","format":"standard","meta":{"_acf_changed":false,"footnotes":""},"categories":[3],"tags":[],"class_list":["post-146","post","type-post","status-publish","format-standard","hentry","category-news"],"acf":[],"_links":{"self":[{"href":"https:\/\/diocesi.concordia-pordenone.it\/scuola\/wp-json\/wp\/v2\/posts\/146","targetHints":{"allow":["GET"]}}],"collection":[{"href":"https:\/\/diocesi.concordia-pordenone.it\/scuola\/wp-json\/wp\/v2\/posts"}],"about":[{"href":"https:\/\/diocesi.concordia-pordenone.it\/scuola\/wp-json\/wp\/v2\/types\/post"}],"author":[{"embeddable":true,"href":"https:\/\/diocesi.concordia-pordenone.it\/scuola\/wp-json\/wp\/v2\/users\/1"}],"replies":[{"embeddable":true,"href":"https:\/\/diocesi.concordia-pordenone.it\/scuola\/wp-json\/wp\/v2\/comments?post=146"}],"version-history":[{"count":0,"href":"https:\/\/diocesi.concordia-pordenone.it\/scuola\/wp-json\/wp\/v2\/posts\/146\/revisions"}],"wp:attachment":[{"href":"https:\/\/diocesi.concordia-pordenone.it\/scuola\/wp-json\/wp\/v2\/media?parent=146"}],"wp:term":[{"taxonomy":"category","embeddable":true,"href":"https:\/\/diocesi.concordia-pordenone.it\/scuola\/wp-json\/wp\/v2\/categories?post=146"},{"taxonomy":"post_tag","embeddable":true,"href":"https:\/\/diocesi.concordia-pordenone.it\/scuola\/wp-json\/wp\/v2\/tags?post=146"}],"curies":[{"name":"wp","href":"https:\/\/api.w.org\/{rel}","templated":true}]}}