{"id":151,"date":"2016-08-26T10:55:00","date_gmt":"2016-08-26T08:55:00","guid":{"rendered":"https:\/\/diocesi.concordia-pordenone.it\/scuola\/incontro-di-avvio-anno-scolastico-2016-17\/"},"modified":"2016-08-26T10:55:00","modified_gmt":"2016-08-26T08:55:00","slug":"incontro-di-avvio-anno-scolastico-2016-17","status":"publish","type":"post","link":"https:\/\/diocesi.concordia-pordenone.it\/scuola\/incontro-di-avvio-anno-scolastico-2016-17\/","title":{"rendered":"Incontro di avvio anno scolastico 2016-17"},"content":{"rendered":"<div>L&#8217;inconto di inizio anno si svolger\u00e0 quest&#8217;anno Venerd\u00ec 16 settembre 2016, ore 17,00, presso il Centro Pastorale Seminario di Pordenone.<\/div>\n<div>Il programma dell&#8217;incontro sar\u00e0 il seguente:<\/div>\n<div>&#8211; Celebrazione presieduta da S.E. mons. Giuseppe Pellegrini;<\/div>\n<div>&#8211; Saluto e comunicazioni del Direttore;<\/div>\n<div>&#8211; Presentazione &#8220;Piano formativo per IdR 2016-17&#8221;.<\/div>\n<div>\u00a0<\/div>\n","protected":false},"excerpt":{"rendered":"<p>L&#8217;inconto di inizio anno si svolger\u00e0 quest&#8217;anno Venerd\u00ec 16 settembre 2016, ore 17,00, presso il Centro Pastorale Seminario di Pordenone. Il programma dell&#8217;incontro sar\u00e0 il seguente: &#8211; Celebrazione presieduta da S.E. mons. Giuseppe Pellegrini; &#8211; Saluto e comunicazioni del Direttore; &#8211; Presentazione &#8220;Piano formativo per IdR 2016-17&#8221;. \u00a0<\/p>\n","protected":false},"author":0,"featured_media":0,"comment_status":"closed","ping_status":"closed","sticky":false,"template":"","format":"standard","meta":{"_acf_changed":false,"footnotes":""},"categories":[3],"tags":[],"class_list":["post-151","post","type-post","status-publish","format-standard","hentry","category-news"],"acf":[],"_links":{"self":[{"href":"https:\/\/diocesi.concordia-pordenone.it\/scuola\/wp-json\/wp\/v2\/posts\/151","targetHints":{"allow":["GET"]}}],"collection":[{"href":"https:\/\/diocesi.concordia-pordenone.it\/scuola\/wp-json\/wp\/v2\/posts"}],"about":[{"href":"https:\/\/diocesi.concordia-pordenone.it\/scuola\/wp-json\/wp\/v2\/types\/post"}],"author":[{"embeddable":true,"href":"https:\/\/diocesi.concordia-pordenone.it\/scuola\/wp-json\/wp\/v2\/users\/1"}],"replies":[{"embeddable":true,"href":"https:\/\/diocesi.concordia-pordenone.it\/scuola\/wp-json\/wp\/v2\/comments?post=151"}],"version-history":[{"count":0,"href":"https:\/\/diocesi.concordia-pordenone.it\/scuola\/wp-json\/wp\/v2\/posts\/151\/revisions"}],"wp:attachment":[{"href":"https:\/\/diocesi.concordia-pordenone.it\/scuola\/wp-json\/wp\/v2\/media?parent=151"}],"wp:term":[{"taxonomy":"category","embeddable":true,"href":"https:\/\/diocesi.concordia-pordenone.it\/scuola\/wp-json\/wp\/v2\/categories?post=151"},{"taxonomy":"post_tag","embeddable":true,"href":"https:\/\/diocesi.concordia-pordenone.it\/scuola\/wp-json\/wp\/v2\/tags?post=151"}],"curies":[{"name":"wp","href":"https:\/\/api.w.org\/{rel}","templated":true}]}}