{"id":156,"date":"2017-02-17T11:49:00","date_gmt":"2017-02-17T10:49:00","guid":{"rendered":"https:\/\/diocesi.concordia-pordenone.it\/scuola\/ritiro-in-preparazione-della-quaresima-3\/"},"modified":"2017-02-17T11:49:00","modified_gmt":"2017-02-17T10:49:00","slug":"ritiro-in-preparazione-della-quaresima-3","status":"publish","type":"post","link":"https:\/\/diocesi.concordia-pordenone.it\/scuola\/ritiro-in-preparazione-della-quaresima-3\/","title":{"rendered":"Ritiro in preparazione della Quaresima"},"content":{"rendered":"<div>Prosegue l\u2019itinerario di formazione spirituale &#8220;Incontrare Ges\u00f9 che mi guarisce e mi ama&#8221;.<\/div>\n<div>La prossima tappa \u00e8 una sosta per rigenerarsi, un momento tutto dedicato al respiro spirituale, un pomeriggio per meditare e pregare: il ritiro in preparazione alla Quaresima.<\/div>\n<div>Vi attendo sabato 18 febbraio, alle ore 14.45 in Centro Pastorale Seminario (PN).<\/div>\n<div>La riflessione sar\u00e0 guidata dal Vescovo mons. Giuseppe Pellegrini su &#8220;Nulla \u00e8 impossibile a chi crede&#8221; (Mt 17,14-23), la preghiera sar\u00e0 curata dal Gruppo Gioia de La Nostra Famiglia.<\/p>\n<p>dott. Giovanni Dalla Torre<\/p><\/div>\n","protected":false},"excerpt":{"rendered":"<p>Prosegue l\u2019itinerario di formazione spirituale &#8220;Incontrare Ges\u00f9 che mi guarisce e mi ama&#8221;. La prossima tappa \u00e8 una sosta per rigenerarsi, un momento tutto dedicato al respiro spirituale, un pomeriggio per meditare e pregare: il ritiro in preparazione alla Quaresima. Vi attendo sabato 18 febbraio, alle ore 14.45 in Centro Pastorale Seminario (PN). La riflessione sar\u00e0 guidata dal Vescovo mons. Giuseppe Pellegrini su &#8220;Nulla \u00e8 &hellip; <a href=\"https:\/\/diocesi.concordia-pordenone.it\/scuola\/ritiro-in-preparazione-della-quaresima-3\/\" class=\"more-link\">Continue reading <span class=\"screen-reader-text\"><\/span> <span class=\"meta-nav\">&raquo;<\/span><\/a><\/p>\n","protected":false},"author":0,"featured_media":0,"comment_status":"closed","ping_status":"closed","sticky":false,"template":"","format":"standard","meta":{"_acf_changed":false,"footnotes":""},"categories":[3],"tags":[],"class_list":["post-156","post","type-post","status-publish","format-standard","hentry","category-news"],"acf":[],"_links":{"self":[{"href":"https:\/\/diocesi.concordia-pordenone.it\/scuola\/wp-json\/wp\/v2\/posts\/156","targetHints":{"allow":["GET"]}}],"collection":[{"href":"https:\/\/diocesi.concordia-pordenone.it\/scuola\/wp-json\/wp\/v2\/posts"}],"about":[{"href":"https:\/\/diocesi.concordia-pordenone.it\/scuola\/wp-json\/wp\/v2\/types\/post"}],"author":[{"embeddable":true,"href":"https:\/\/diocesi.concordia-pordenone.it\/scuola\/wp-json\/wp\/v2\/users\/1"}],"replies":[{"embeddable":true,"href":"https:\/\/diocesi.concordia-pordenone.it\/scuola\/wp-json\/wp\/v2\/comments?post=156"}],"version-history":[{"count":0,"href":"https:\/\/diocesi.concordia-pordenone.it\/scuola\/wp-json\/wp\/v2\/posts\/156\/revisions"}],"wp:attachment":[{"href":"https:\/\/diocesi.concordia-pordenone.it\/scuola\/wp-json\/wp\/v2\/media?parent=156"}],"wp:term":[{"taxonomy":"category","embeddable":true,"href":"https:\/\/diocesi.concordia-pordenone.it\/scuola\/wp-json\/wp\/v2\/categories?post=156"},{"taxonomy":"post_tag","embeddable":true,"href":"https:\/\/diocesi.concordia-pordenone.it\/scuola\/wp-json\/wp\/v2\/tags?post=156"}],"curies":[{"name":"wp","href":"https:\/\/api.w.org\/{rel}","templated":true}]}}