{"id":157,"date":"2017-04-10T17:49:00","date_gmt":"2017-04-10T15:49:00","guid":{"rendered":"https:\/\/diocesi.concordia-pordenone.it\/scuola\/prossimo-incontro\/"},"modified":"2017-04-10T17:49:00","modified_gmt":"2017-04-10T15:49:00","slug":"prossimo-incontro","status":"publish","type":"post","link":"https:\/\/diocesi.concordia-pordenone.it\/scuola\/prossimo-incontro\/","title":{"rendered":"Prossimo incontro"},"content":{"rendered":"<div>Carissimi,<\/div>\n<div>dopo un lavoro di tabulazione e rilettura dei dati emersi dei questionari compilati nell\u2019incontro con la dott.ssa Dal Mas, siamo in grado di dare una restituzione con alcune riflessioni ponderate su quanto emerso.<\/div>\n<div>\u00a0<\/div>\n<div>Vi invito perci\u00f2 al prossimo incontro <strong>marted\u00ec 2 maggio, ore 17.30-19.00 presso il Teatro del Centro Pastorale Seminario<\/strong> che si svilupper\u00e0 in tre momenti:<\/div>\n<div>&#8211; \u00a0 \u00a0 \u00a0 \u00a0 \u00a0dott.ssa Lieta Dal Mas: un contributo alla luce di quanto emerso sia dai gruppi di lavoro svolti nell\u2019incontro di settembre, sia dai questionari somministrati;<\/div>\n<div>&#8211; \u00a0 \u00a0 \u00a0 \u00a0 \u00a0confronto sulle possibili future azioni formative;<\/div>\n<div>&#8211; \u00a0 \u00a0 \u00a0 \u00a0 \u00a0dott. Giovanni Dalla Torre: la formazione degli IdR e il Piano Nazionale di Formazione, similitudini e differenze.<\/div>\n<div>\u00a0<\/div>\n<div>Nell&#8217;attesa di incontrarci numerosi auguro a voi e alle vostre famiglie una santa Pasqua.<\/div>\n<div>Le difficolt\u00e0, i problemi e le sofferenze costellano le nostre esistenze; alcuni di noi quest&#8217;anno sono colpiti da lutti o sono gravati da malattie o sono coinvolti in situazioni personali e familiari faticose.<\/div>\n<div>La luce del Risorto e la sua certa presenza nei nostri cuori e nelle nostre personali situazioni ci danno la speranza certa che cammina con noi, ci affianca, ci sorregge.<\/div>\n<div>Le narrazioni evangeliche riguardanti la risurrezione ci indicano che paura, sfiducia, perplessit\u00e0 connotano il cammino di fede dei primi discepoli e discepole.<\/div>\n<div>Anche per noi \u00e8 cos\u00ec; ma anche noi, come fu per loro, lo incontreremo e lo vedremo e sar\u00e0 festa senza fine.<\/div>\n<div>Auguri a tutti.\u00a0<\/div>\n<div>\u00a0<\/div>\n<div>Giovanni Dalla Torre, direttore<\/div>\n<div>\u00a0<\/div>\n","protected":false},"excerpt":{"rendered":"<p>Carissimi, dopo un lavoro di tabulazione e rilettura dei dati emersi dei questionari compilati nell\u2019incontro con la dott.ssa Dal Mas, siamo in grado di dare una restituzione con alcune riflessioni ponderate su quanto emerso. \u00a0 Vi invito perci\u00f2 al prossimo incontro marted\u00ec 2 maggio, ore 17.30-19.00 presso il Teatro del Centro Pastorale Seminario che si svilupper\u00e0 in tre momenti: &#8211; \u00a0 \u00a0 \u00a0 \u00a0 \u00a0dott.ssa &hellip; <a href=\"https:\/\/diocesi.concordia-pordenone.it\/scuola\/prossimo-incontro\/\" class=\"more-link\">Continue reading <span class=\"screen-reader-text\"><\/span> <span class=\"meta-nav\">&raquo;<\/span><\/a><\/p>\n","protected":false},"author":0,"featured_media":0,"comment_status":"closed","ping_status":"closed","sticky":false,"template":"","format":"standard","meta":{"_acf_changed":false,"footnotes":""},"categories":[3],"tags":[],"class_list":["post-157","post","type-post","status-publish","format-standard","hentry","category-news"],"acf":[],"_links":{"self":[{"href":"https:\/\/diocesi.concordia-pordenone.it\/scuola\/wp-json\/wp\/v2\/posts\/157","targetHints":{"allow":["GET"]}}],"collection":[{"href":"https:\/\/diocesi.concordia-pordenone.it\/scuola\/wp-json\/wp\/v2\/posts"}],"about":[{"href":"https:\/\/diocesi.concordia-pordenone.it\/scuola\/wp-json\/wp\/v2\/types\/post"}],"author":[{"embeddable":true,"href":"https:\/\/diocesi.concordia-pordenone.it\/scuola\/wp-json\/wp\/v2\/users\/1"}],"replies":[{"embeddable":true,"href":"https:\/\/diocesi.concordia-pordenone.it\/scuola\/wp-json\/wp\/v2\/comments?post=157"}],"version-history":[{"count":0,"href":"https:\/\/diocesi.concordia-pordenone.it\/scuola\/wp-json\/wp\/v2\/posts\/157\/revisions"}],"wp:attachment":[{"href":"https:\/\/diocesi.concordia-pordenone.it\/scuola\/wp-json\/wp\/v2\/media?parent=157"}],"wp:term":[{"taxonomy":"category","embeddable":true,"href":"https:\/\/diocesi.concordia-pordenone.it\/scuola\/wp-json\/wp\/v2\/categories?post=157"},{"taxonomy":"post_tag","embeddable":true,"href":"https:\/\/diocesi.concordia-pordenone.it\/scuola\/wp-json\/wp\/v2\/tags?post=157"}],"curies":[{"name":"wp","href":"https:\/\/api.w.org\/{rel}","templated":true}]}}