{"id":170,"date":"2017-11-17T16:52:00","date_gmt":"2017-11-17T15:52:00","guid":{"rendered":"https:\/\/diocesi.concordia-pordenone.it\/scuola\/ritiro-di-avvento-e-incontri\/"},"modified":"2017-11-17T16:52:00","modified_gmt":"2017-11-17T15:52:00","slug":"ritiro-di-avvento-e-incontri","status":"publish","type":"post","link":"https:\/\/diocesi.concordia-pordenone.it\/scuola\/ritiro-di-avvento-e-incontri\/","title":{"rendered":"Ritiro di Avvento e incontri"},"content":{"rendered":"<div>Carissimi,<\/p>\n<p>vi ricordo che sabato 18 novembre, alle ore 14.45 in Centro Pastorale Seminario ci sar\u00e0 il Ritiro in preparazione all&#8217;Avvento, una sosta in mezzo alle attivit\u00e0 di ciascuno per rigenerarci come catechisti! Guider\u00e0 il momento di preghiera il Gruppo Gioia de La Nostra Famiglia, seguir\u00e0 la riflessione di don Maurizio Girolami sul tema \u201c\u00c8 lui il Padre che ti ha creato\u201d. Dio si cura dei suoi figli (Dt 32).<\/p>\n<p>Vi attendo numerosi per pregare insieme!<\/p>\n<p>Allego anche alcune proposte di incontri nel territorio che possono essere interessanti:<\/p>\n<p>&#8211; Set(t)e di sapere, dialogo tra fragilit\u00e0 sociale ricerca della verit\u00e0.<\/p>\n<p>&#8211; &#8220;Cavalieri e principesse\u201d. Donne e uomini sono davvero differenti, ed \u00e8 bello cos\u00ec.<\/p>\n<p>&#8211; Il mondo di Lucy, video concerto-testimonianza<\/p>\n<p>\u00a0<\/p>\n<p>Un caro saluto<\/p>\n<p>dott. Giovanni Dalla Torre<\/p><\/div>\n","protected":false},"excerpt":{"rendered":"<p>Carissimi, vi ricordo che sabato 18 novembre, alle ore 14.45 in Centro Pastorale Seminario ci sar\u00e0 il Ritiro in preparazione all&#8217;Avvento, una sosta in mezzo alle attivit\u00e0 di ciascuno per rigenerarci come catechisti! Guider\u00e0 il momento di preghiera il Gruppo Gioia de La Nostra Famiglia, seguir\u00e0 la riflessione di don Maurizio Girolami sul tema \u201c\u00c8 lui il Padre che ti ha creato\u201d. Dio si cura &hellip; <a href=\"https:\/\/diocesi.concordia-pordenone.it\/scuola\/ritiro-di-avvento-e-incontri\/\" class=\"more-link\">Continue reading <span class=\"screen-reader-text\"><\/span> <span class=\"meta-nav\">&raquo;<\/span><\/a><\/p>\n","protected":false},"author":0,"featured_media":0,"comment_status":"closed","ping_status":"closed","sticky":false,"template":"","format":"standard","meta":{"_acf_changed":false,"footnotes":""},"categories":[3],"tags":[],"class_list":["post-170","post","type-post","status-publish","format-standard","hentry","category-news"],"acf":[],"_links":{"self":[{"href":"https:\/\/diocesi.concordia-pordenone.it\/scuola\/wp-json\/wp\/v2\/posts\/170","targetHints":{"allow":["GET"]}}],"collection":[{"href":"https:\/\/diocesi.concordia-pordenone.it\/scuola\/wp-json\/wp\/v2\/posts"}],"about":[{"href":"https:\/\/diocesi.concordia-pordenone.it\/scuola\/wp-json\/wp\/v2\/types\/post"}],"author":[{"embeddable":true,"href":"https:\/\/diocesi.concordia-pordenone.it\/scuola\/wp-json\/wp\/v2\/users\/1"}],"replies":[{"embeddable":true,"href":"https:\/\/diocesi.concordia-pordenone.it\/scuola\/wp-json\/wp\/v2\/comments?post=170"}],"version-history":[{"count":0,"href":"https:\/\/diocesi.concordia-pordenone.it\/scuola\/wp-json\/wp\/v2\/posts\/170\/revisions"}],"wp:attachment":[{"href":"https:\/\/diocesi.concordia-pordenone.it\/scuola\/wp-json\/wp\/v2\/media?parent=170"}],"wp:term":[{"taxonomy":"category","embeddable":true,"href":"https:\/\/diocesi.concordia-pordenone.it\/scuola\/wp-json\/wp\/v2\/categories?post=170"},{"taxonomy":"post_tag","embeddable":true,"href":"https:\/\/diocesi.concordia-pordenone.it\/scuola\/wp-json\/wp\/v2\/tags?post=170"}],"curies":[{"name":"wp","href":"https:\/\/api.w.org\/{rel}","templated":true}]}}