{"id":175,"date":"2018-04-06T10:55:00","date_gmt":"2018-04-06T08:55:00","guid":{"rendered":"https:\/\/diocesi.concordia-pordenone.it\/scuola\/incontro-con-massimo-cacciari\/"},"modified":"2018-04-06T10:55:00","modified_gmt":"2018-04-06T08:55:00","slug":"incontro-con-massimo-cacciari","status":"publish","type":"post","link":"https:\/\/diocesi.concordia-pordenone.it\/scuola\/incontro-con-massimo-cacciari\/","title":{"rendered":"Incontro con Massimo Cacciari"},"content":{"rendered":"<div>Il tema \u201cEducare al limite\u201d, scelto per l\u2019edizione 2018 del Mese dell\u2019Educazione, avr\u00e0 uno dei suoi momenti pi\u00f9 significativi di approfondimento nell\u2019incontro con Massimo Cacciari, filosofo, uomo politico, gi\u00e0 parlamentare nazionale ed europeo nonch\u00e9 sindaco di Venezia, professore emerito di Filosofia dell&#8217;Universit\u00e0 San Raffaele di Milano. La sua voce risulta particolarmente autorevole nel dibattito culturale e politico italiano, proprio sui temi cruciali del nostro tempo. L&#8217;evento \u00e8 in programma per Venerd\u00ec 6 aprile 2018 alle ore 18.30 ed \u00e8 promosso dalla Fondazione Portogruaro Campus, dall&#8217;Istituto Vescovile &#8220;G. Marconi&#8221; e dall\u2019Associazione Amici del Collegio Marconi.<\/div>\n","protected":false},"excerpt":{"rendered":"<p>Il tema \u201cEducare al limite\u201d, scelto per l\u2019edizione 2018 del Mese dell\u2019Educazione, avr\u00e0 uno dei suoi momenti pi\u00f9 significativi di approfondimento nell\u2019incontro con Massimo Cacciari, filosofo, uomo politico, gi\u00e0 parlamentare nazionale ed europeo nonch\u00e9 sindaco di Venezia, professore emerito di Filosofia dell&#8217;Universit\u00e0 San Raffaele di Milano. La sua voce risulta particolarmente autorevole nel dibattito culturale e politico italiano, proprio sui temi cruciali del nostro tempo. &hellip; <a href=\"https:\/\/diocesi.concordia-pordenone.it\/scuola\/incontro-con-massimo-cacciari\/\" class=\"more-link\">Continue reading <span class=\"screen-reader-text\"><\/span> <span class=\"meta-nav\">&raquo;<\/span><\/a><\/p>\n","protected":false},"author":0,"featured_media":0,"comment_status":"closed","ping_status":"closed","sticky":false,"template":"","format":"standard","meta":{"_acf_changed":false,"footnotes":""},"categories":[3],"tags":[],"class_list":["post-175","post","type-post","status-publish","format-standard","hentry","category-news"],"acf":[],"_links":{"self":[{"href":"https:\/\/diocesi.concordia-pordenone.it\/scuola\/wp-json\/wp\/v2\/posts\/175","targetHints":{"allow":["GET"]}}],"collection":[{"href":"https:\/\/diocesi.concordia-pordenone.it\/scuola\/wp-json\/wp\/v2\/posts"}],"about":[{"href":"https:\/\/diocesi.concordia-pordenone.it\/scuola\/wp-json\/wp\/v2\/types\/post"}],"author":[{"embeddable":true,"href":"https:\/\/diocesi.concordia-pordenone.it\/scuola\/wp-json\/wp\/v2\/users\/1"}],"replies":[{"embeddable":true,"href":"https:\/\/diocesi.concordia-pordenone.it\/scuola\/wp-json\/wp\/v2\/comments?post=175"}],"version-history":[{"count":0,"href":"https:\/\/diocesi.concordia-pordenone.it\/scuola\/wp-json\/wp\/v2\/posts\/175\/revisions"}],"wp:attachment":[{"href":"https:\/\/diocesi.concordia-pordenone.it\/scuola\/wp-json\/wp\/v2\/media?parent=175"}],"wp:term":[{"taxonomy":"category","embeddable":true,"href":"https:\/\/diocesi.concordia-pordenone.it\/scuola\/wp-json\/wp\/v2\/categories?post=175"},{"taxonomy":"post_tag","embeddable":true,"href":"https:\/\/diocesi.concordia-pordenone.it\/scuola\/wp-json\/wp\/v2\/tags?post=175"}],"curies":[{"name":"wp","href":"https:\/\/api.w.org\/{rel}","templated":true}]}}