{"id":184,"date":"2018-09-28T14:48:00","date_gmt":"2018-09-28T12:48:00","guid":{"rendered":"https:\/\/diocesi.concordia-pordenone.it\/scuola\/formazione-irc-2018-19\/"},"modified":"2018-09-28T14:48:00","modified_gmt":"2018-09-28T12:48:00","slug":"formazione-irc-2018-19","status":"publish","type":"post","link":"https:\/\/diocesi.concordia-pordenone.it\/scuola\/formazione-irc-2018-19\/","title":{"rendered":"Formazione IRC 2018\/19"},"content":{"rendered":"<div>Carissimi,<\/div>\n<div>in allegato alla pagina trovate il percorso di formazione per l\u2019anno 18\/19 I linguaggi della didattica. Una password per comprendere l\u2019uomo e il contesto socio-culturale presentato nell\u2019incontro di sabato.<\/div>\n<div>Ricordo che il primo appuntamento \u00e8 fissato per venerd\u00ec 28 settembre, ore 16.30-19.30 in Centro Pastorale Seminario (PN).<\/div>\n<div>Il corso verr\u00e0 inserito nella piattaforma SOFIA perci\u00f2 gli insegnanti di ruolo sono tenuti ad iscriversi attraverso le procedure richieste.<\/div>\n<div>Per tutti gli altri sar\u00e0 sufficiente apporre la firma nel foglio presenze come di consueto.<\/div>\n<div>Cordiali saluti<\/div>\n<div>dott. Giovanni Dalla Torre, direttore<\/div>\n","protected":false},"excerpt":{"rendered":"<p>Carissimi, in allegato alla pagina trovate il percorso di formazione per l\u2019anno 18\/19 I linguaggi della didattica. Una password per comprendere l\u2019uomo e il contesto socio-culturale presentato nell\u2019incontro di sabato. Ricordo che il primo appuntamento \u00e8 fissato per venerd\u00ec 28 settembre, ore 16.30-19.30 in Centro Pastorale Seminario (PN). Il corso verr\u00e0 inserito nella piattaforma SOFIA perci\u00f2 gli insegnanti di ruolo sono tenuti ad iscriversi attraverso &hellip; <a href=\"https:\/\/diocesi.concordia-pordenone.it\/scuola\/formazione-irc-2018-19\/\" class=\"more-link\">Continue reading <span class=\"screen-reader-text\"><\/span> <span class=\"meta-nav\">&raquo;<\/span><\/a><\/p>\n","protected":false},"author":0,"featured_media":0,"comment_status":"closed","ping_status":"closed","sticky":false,"template":"","format":"standard","meta":{"_acf_changed":false,"footnotes":""},"categories":[3],"tags":[],"class_list":["post-184","post","type-post","status-publish","format-standard","hentry","category-news"],"acf":[],"_links":{"self":[{"href":"https:\/\/diocesi.concordia-pordenone.it\/scuola\/wp-json\/wp\/v2\/posts\/184","targetHints":{"allow":["GET"]}}],"collection":[{"href":"https:\/\/diocesi.concordia-pordenone.it\/scuola\/wp-json\/wp\/v2\/posts"}],"about":[{"href":"https:\/\/diocesi.concordia-pordenone.it\/scuola\/wp-json\/wp\/v2\/types\/post"}],"author":[{"embeddable":true,"href":"https:\/\/diocesi.concordia-pordenone.it\/scuola\/wp-json\/wp\/v2\/users\/1"}],"replies":[{"embeddable":true,"href":"https:\/\/diocesi.concordia-pordenone.it\/scuola\/wp-json\/wp\/v2\/comments?post=184"}],"version-history":[{"count":0,"href":"https:\/\/diocesi.concordia-pordenone.it\/scuola\/wp-json\/wp\/v2\/posts\/184\/revisions"}],"wp:attachment":[{"href":"https:\/\/diocesi.concordia-pordenone.it\/scuola\/wp-json\/wp\/v2\/media?parent=184"}],"wp:term":[{"taxonomy":"category","embeddable":true,"href":"https:\/\/diocesi.concordia-pordenone.it\/scuola\/wp-json\/wp\/v2\/categories?post=184"},{"taxonomy":"post_tag","embeddable":true,"href":"https:\/\/diocesi.concordia-pordenone.it\/scuola\/wp-json\/wp\/v2\/tags?post=184"}],"curies":[{"name":"wp","href":"https:\/\/api.w.org\/{rel}","templated":true}]}}