{"id":191,"date":"2019-02-19T14:43:00","date_gmt":"2019-02-19T13:43:00","guid":{"rendered":"https:\/\/diocesi.concordia-pordenone.it\/scuola\/ritiro-spirituale-di-quaresima\/"},"modified":"2019-02-19T14:43:00","modified_gmt":"2019-02-19T13:43:00","slug":"ritiro-spirituale-di-quaresima","status":"publish","type":"post","link":"https:\/\/diocesi.concordia-pordenone.it\/scuola\/ritiro-spirituale-di-quaresima\/","title":{"rendered":"Ritiro spirituale di Quaresima"},"content":{"rendered":"<div>Seguendo le tracce dell\u2019Itinerario Spirituale proposto dal Servizio per la Catechesi, si colloca in questo periodo il Ritiro in preparazione della Quaresima rivolto a catechisti e insegnanti di religione che si terr\u00e0 sabato 23 febbraio, dalle ore 14.45 a Pordenone, in Centro Pastorale Seminario (in caso di necessit\u00e0 entrata da Viale Aquileia).<\/div>\n<div>In questa occasione la riflessione di don Maurizio Girolami verter\u00e0 su \u201cChiunque di voi non rinuncia a tutti i suoi averi\u201d (Lc 14,28-33). Non si pu\u00f2 calcolare la libert\u00e0.<\/div>\n<div>\u00a0<\/div>\n<div>dott. Giovanni Dalla Torre, direttore<\/div>\n","protected":false},"excerpt":{"rendered":"<p>Seguendo le tracce dell\u2019Itinerario Spirituale proposto dal Servizio per la Catechesi, si colloca in questo periodo il Ritiro in preparazione della Quaresima rivolto a catechisti e insegnanti di religione che si terr\u00e0 sabato 23 febbraio, dalle ore 14.45 a Pordenone, in Centro Pastorale Seminario (in caso di necessit\u00e0 entrata da Viale Aquileia). In questa occasione la riflessione di don Maurizio Girolami verter\u00e0 su \u201cChiunque di &hellip; <a href=\"https:\/\/diocesi.concordia-pordenone.it\/scuola\/ritiro-spirituale-di-quaresima\/\" class=\"more-link\">Continue reading <span class=\"screen-reader-text\"><\/span> <span class=\"meta-nav\">&raquo;<\/span><\/a><\/p>\n","protected":false},"author":0,"featured_media":0,"comment_status":"closed","ping_status":"closed","sticky":false,"template":"","format":"standard","meta":{"_acf_changed":false,"footnotes":""},"categories":[3],"tags":[],"class_list":["post-191","post","type-post","status-publish","format-standard","hentry","category-news"],"acf":[],"_links":{"self":[{"href":"https:\/\/diocesi.concordia-pordenone.it\/scuola\/wp-json\/wp\/v2\/posts\/191","targetHints":{"allow":["GET"]}}],"collection":[{"href":"https:\/\/diocesi.concordia-pordenone.it\/scuola\/wp-json\/wp\/v2\/posts"}],"about":[{"href":"https:\/\/diocesi.concordia-pordenone.it\/scuola\/wp-json\/wp\/v2\/types\/post"}],"author":[{"embeddable":true,"href":"https:\/\/diocesi.concordia-pordenone.it\/scuola\/wp-json\/wp\/v2\/users\/1"}],"replies":[{"embeddable":true,"href":"https:\/\/diocesi.concordia-pordenone.it\/scuola\/wp-json\/wp\/v2\/comments?post=191"}],"version-history":[{"count":0,"href":"https:\/\/diocesi.concordia-pordenone.it\/scuola\/wp-json\/wp\/v2\/posts\/191\/revisions"}],"wp:attachment":[{"href":"https:\/\/diocesi.concordia-pordenone.it\/scuola\/wp-json\/wp\/v2\/media?parent=191"}],"wp:term":[{"taxonomy":"category","embeddable":true,"href":"https:\/\/diocesi.concordia-pordenone.it\/scuola\/wp-json\/wp\/v2\/categories?post=191"},{"taxonomy":"post_tag","embeddable":true,"href":"https:\/\/diocesi.concordia-pordenone.it\/scuola\/wp-json\/wp\/v2\/tags?post=191"}],"curies":[{"name":"wp","href":"https:\/\/api.w.org\/{rel}","templated":true}]}}