{"id":192,"date":"2019-03-08T11:03:00","date_gmt":"2019-03-08T10:03:00","guid":{"rendered":"https:\/\/diocesi.concordia-pordenone.it\/scuola\/mese-delleducazione\/"},"modified":"2019-03-08T11:03:00","modified_gmt":"2019-03-08T10:03:00","slug":"mese-delleducazione","status":"publish","type":"post","link":"https:\/\/diocesi.concordia-pordenone.it\/scuola\/mese-delleducazione\/","title":{"rendered":"Mese dell&#8217;educazione"},"content":{"rendered":"<div>Cari docenti,<\/div>\n<p>trovate in allegato il d\u00e9pliant della XVI edizione del Mese dell\u2019Educazione.  Tema di fondo di quest\u2019anno: Educare alla memoria nell\u2019era digitale, sviluppato in incontri, conferenze, testimonianze e mostre.   <i>La relazione con il passato \u00e8 necessaria ed insieme difficile: si corre sempre il rischio di rimanere prigionieri di ci\u00f2 che \u00e8 trascorso, ma esiste anche la tentazione di spezzare ogni vincolo con l\u2019esperienza e la tradizione, cime se fossimo i primi abitatori di questo pianeta (Bernardo di Chartres). D\u2019altro canto, l\u2019ingresso nell\u2019era digitale presenta scenari assolutamente inediti: la rete ci sta cambiando profondamente nella testa e nel cuore, come anche nelle relazioni con gli altri.<\/i>  A tutti voi rivolgo un deciso invito a partecipare secondo le vostre possibilit\u00e0 e impegni .  Alcuni Idr hanno partecipato alla progettazione e realizzazione di questo percorso cos\u00ec centrale per la nostra professionalit\u00e0.  &#8211; Il prossimo evento che sottolineo per quello previsto per luned\u00ec 11 marzo presso il Duomo di Sant\u2019Andrea a Portogruaro: <i>Donne nel limite<\/i>, <i>concerto e illustrazione di una mostra fotografica e di scultura<\/i>, con sr. Maria Gloria Riva (editorialista di Avvenire).  &#8211; Di speciale importanza per le scuole pu\u00f2 essere la mostra <i>La rosa bianca<\/i>, inaugurata sabato 9 marzo (cfr. pieghevole)  &#8211; Segnalo infine l\u2019incontro con don Marco Sanavio <i>Cambiati dalla rete<\/i> gi\u00e0 programmato per il 4 marzo, ma rinviato e ora fissato per mercoled\u00ec 27 marzo, ore 18.30 presso il Collegio Marconi a Portogruaro. Pu\u00f2 aiutare a riflettere sui grandi cambiamenti in atto.  Vi chiedo anche di fare promozione di questi e di altri eventi che riterrete utili.  Nella speranza certa di incontrarvi a qualcuno degli appuntamenti previsti.  <i>\u00a0<\/i>  <i>don Orioldo Marson, rettore del Collegio Marconi e Vicario Generale<\/i>  <i>Giovanni Mauro Dalla Torre, direttore<\/i><\/p>\n","protected":false},"excerpt":{"rendered":"<p>Cari docenti, trovate in allegato il d\u00e9pliant della XVI edizione del Mese dell\u2019Educazione. Tema di fondo di quest\u2019anno: Educare alla memoria nell\u2019era digitale, sviluppato in incontri, conferenze, testimonianze e mostre. La relazione con il passato \u00e8 necessaria ed insieme difficile: si corre sempre il rischio di rimanere prigionieri di ci\u00f2 che \u00e8 trascorso, ma esiste anche la tentazione di spezzare ogni vincolo con l\u2019esperienza e &hellip; <a href=\"https:\/\/diocesi.concordia-pordenone.it\/scuola\/mese-delleducazione\/\" class=\"more-link\">Continue reading <span class=\"screen-reader-text\"><\/span> <span class=\"meta-nav\">&raquo;<\/span><\/a><\/p>\n","protected":false},"author":0,"featured_media":193,"comment_status":"closed","ping_status":"closed","sticky":false,"template":"","format":"standard","meta":{"_acf_changed":false,"footnotes":""},"categories":[3],"tags":[],"class_list":["post-192","post","type-post","status-publish","format-standard","has-post-thumbnail","hentry","category-news"],"acf":[],"_links":{"self":[{"href":"https:\/\/diocesi.concordia-pordenone.it\/scuola\/wp-json\/wp\/v2\/posts\/192","targetHints":{"allow":["GET"]}}],"collection":[{"href":"https:\/\/diocesi.concordia-pordenone.it\/scuola\/wp-json\/wp\/v2\/posts"}],"about":[{"href":"https:\/\/diocesi.concordia-pordenone.it\/scuola\/wp-json\/wp\/v2\/types\/post"}],"author":[{"embeddable":true,"href":"https:\/\/diocesi.concordia-pordenone.it\/scuola\/wp-json\/wp\/v2\/users\/1"}],"replies":[{"embeddable":true,"href":"https:\/\/diocesi.concordia-pordenone.it\/scuola\/wp-json\/wp\/v2\/comments?post=192"}],"version-history":[{"count":0,"href":"https:\/\/diocesi.concordia-pordenone.it\/scuola\/wp-json\/wp\/v2\/posts\/192\/revisions"}],"wp:featuredmedia":[{"embeddable":true,"href":"https:\/\/diocesi.concordia-pordenone.it\/scuola\/wp-json\/wp\/v2\/media\/193"}],"wp:attachment":[{"href":"https:\/\/diocesi.concordia-pordenone.it\/scuola\/wp-json\/wp\/v2\/media?parent=192"}],"wp:term":[{"taxonomy":"category","embeddable":true,"href":"https:\/\/diocesi.concordia-pordenone.it\/scuola\/wp-json\/wp\/v2\/categories?post=192"},{"taxonomy":"post_tag","embeddable":true,"href":"https:\/\/diocesi.concordia-pordenone.it\/scuola\/wp-json\/wp\/v2\/tags?post=192"}],"curies":[{"name":"wp","href":"https:\/\/api.w.org\/{rel}","templated":true}]}}