{"id":207,"date":"2021-02-16T11:15:00","date_gmt":"2021-02-16T10:15:00","guid":{"rendered":"https:\/\/diocesi.concordia-pordenone.it\/scuola\/ritiro-spirituale-in-preparazione-alla-quaresima-2\/"},"modified":"2021-11-01T09:16:14","modified_gmt":"2021-11-01T08:16:14","slug":"ritiro-spirituale-in-preparazione-alla-quaresima-2","status":"publish","type":"post","link":"https:\/\/diocesi.concordia-pordenone.it\/scuola\/ritiro-spirituale-in-preparazione-alla-quaresima-2\/","title":{"rendered":"Ritiro spirituale in preparazione alla Quaresima"},"content":{"rendered":"<p>Carissimi,<br \/>\nproseguiamo il cammino dell\u2019Itinerario Spirituale con l\u2019appuntamento del ritiro in preparazione alla Quaresima fissato per <b>sabato 20 febbraio, ore 14.45<\/b>\u00a0al seguente link\u00a0https:\/\/tediscite.webex.com\/tediscite\/j.php?MTID=m698cb8f130684055b6fdb745cfd16e89 Un momento di riflessione e approfondimento guidato dalla biblista Roberta Ronchiato, che abbiamo gi\u00e0 apprezzato per il suo intervento nel ritiro di Avvento.\u00a0 Tema sar\u00e0\u00a0<b><i>Abitare: Dio abita il suo popolo anche quando il popolo non abita la terra (Es 40,36-38).<\/i><\/b> Vogliate dare diffusione di questa opportunit\u00e0 di formazione personale e spirituale, tanto pi\u00f9 che la prof.ssa Ronchiato \u00e8 una donna che rende visibile e tangibile il cammino che la Chiesa sta facendo di rendere sempre pi\u00f9 manifesto nella vita della Chiesa l&#8217;apporto indispensabile delle donne all&#8217;intelligenza del vangelo. Dopo la meditazione programmate un po&#8217; di tempo per stare in silenzio e riflettere, pregare e contemplare perch\u00e9 il Signore\u00a0possa compiere la sua opera in noi. Vi segnalo anche un <b>breve percorso sui testi del messale nuovo<\/b> per vivere il tempo della Quaresima tenuto da don Maurizio Girolami, responsabile del Servizio per la Catechesi. Da marted\u00ec 23 febbraio, fino a marted\u00ec 23 marzo dalle ore 20.00 alle ore 20.30 si potr\u00e0 seguire questa catechesi collegandosi al canale youtube della parrocchia San Bartolomeo di Corva al seguente link https:\/\/www.youtube.com\/channel\/UCfT5PCaP5dgWbOhBrN-pXYA Un cordiale saluto <i>Dott. Giovanni Dalla Torre, direttore<\/i><i><\/i><\/p>\n","protected":false},"excerpt":{"rendered":"<p>Carissimi, proseguiamo il cammino dell\u2019Itinerario Spirituale con l\u2019appuntamento del ritiro in preparazione alla Quaresima fissato per sabato 20 febbraio, ore 14.45\u00a0al seguente link\u00a0https:\/\/tediscite.webex.com\/tediscite\/j.php?MTID=m698cb8f130684055b6fdb745cfd16e89 Un momento di riflessione e approfondimento guidato dalla biblista Roberta Ronchiato, che abbiamo gi\u00e0 apprezzato per il suo intervento nel ritiro di Avvento.\u00a0 Tema sar\u00e0\u00a0Abitare: Dio abita il suo popolo anche quando il popolo non abita la terra (Es 40,36-38). Vogliate dare &hellip; <a href=\"https:\/\/diocesi.concordia-pordenone.it\/scuola\/ritiro-spirituale-in-preparazione-alla-quaresima-2\/\" class=\"more-link\">Continue reading <span class=\"screen-reader-text\"><\/span> <span class=\"meta-nav\">&raquo;<\/span><\/a><\/p>\n","protected":false},"author":0,"featured_media":413,"comment_status":"closed","ping_status":"closed","sticky":false,"template":"","format":"standard","meta":{"_acf_changed":false,"footnotes":""},"categories":[3],"tags":[],"class_list":["post-207","post","type-post","status-publish","format-standard","has-post-thumbnail","hentry","category-news"],"acf":[],"_links":{"self":[{"href":"https:\/\/diocesi.concordia-pordenone.it\/scuola\/wp-json\/wp\/v2\/posts\/207","targetHints":{"allow":["GET"]}}],"collection":[{"href":"https:\/\/diocesi.concordia-pordenone.it\/scuola\/wp-json\/wp\/v2\/posts"}],"about":[{"href":"https:\/\/diocesi.concordia-pordenone.it\/scuola\/wp-json\/wp\/v2\/types\/post"}],"author":[{"embeddable":true,"href":"https:\/\/diocesi.concordia-pordenone.it\/scuola\/wp-json\/wp\/v2\/users\/1"}],"replies":[{"embeddable":true,"href":"https:\/\/diocesi.concordia-pordenone.it\/scuola\/wp-json\/wp\/v2\/comments?post=207"}],"version-history":[{"count":1,"href":"https:\/\/diocesi.concordia-pordenone.it\/scuola\/wp-json\/wp\/v2\/posts\/207\/revisions"}],"predecessor-version":[{"id":414,"href":"https:\/\/diocesi.concordia-pordenone.it\/scuola\/wp-json\/wp\/v2\/posts\/207\/revisions\/414"}],"wp:featuredmedia":[{"embeddable":true,"href":"https:\/\/diocesi.concordia-pordenone.it\/scuola\/wp-json\/wp\/v2\/media\/413"}],"wp:attachment":[{"href":"https:\/\/diocesi.concordia-pordenone.it\/scuola\/wp-json\/wp\/v2\/media?parent=207"}],"wp:term":[{"taxonomy":"category","embeddable":true,"href":"https:\/\/diocesi.concordia-pordenone.it\/scuola\/wp-json\/wp\/v2\/categories?post=207"},{"taxonomy":"post_tag","embeddable":true,"href":"https:\/\/diocesi.concordia-pordenone.it\/scuola\/wp-json\/wp\/v2\/tags?post=207"}],"curies":[{"name":"wp","href":"https:\/\/api.w.org\/{rel}","templated":true}]}}