{"id":208,"date":"2021-06-15T17:37:00","date_gmt":"2021-06-15T15:37:00","guid":{"rendered":"https:\/\/diocesi.concordia-pordenone.it\/scuola\/santa-messa-di-fine-anno-con-il-vescovo\/"},"modified":"2021-11-01T09:14:03","modified_gmt":"2021-11-01T08:14:03","slug":"santa-messa-di-fine-anno-con-il-vescovo","status":"publish","type":"post","link":"https:\/\/diocesi.concordia-pordenone.it\/scuola\/santa-messa-di-fine-anno-con-il-vescovo\/","title":{"rendered":"Santa Messa di fine anno con il Vescovo"},"content":{"rendered":"<div>\n<div>Carissimi, anche questo anno scolastico volge al termine ed \u00e8 desiderio del Vescovo incontrarvi per ringraziare il Signore di questi giorni vissuti con bambini, ragazzi e giovani; \u00e8 occasione questa per ravvivare con i colleghi un intreccio di relazioni che purtroppo ha patito molto in questo tempo cos\u00ec faticoso. \u00c8 stato un anno attraversato da diverse incertezze, difficolt\u00e0, ma che sicuramente ha spinto ciascuno di noi a dare il meglio.<\/div>\n<div>Vi attendo quindi <strong>sabato 26 giugno, alle ore 18.30 a Borgomeduna<\/strong> (la stessa chiesa dell\u2019avvio dell\u2019anno), per la celebrazione eucaristica presieduta dal Vescovo.<\/div>\n<div>Un cordiale saluto.<\/div>\n<div><\/div>\n<div>Dott. Giovanni Dalla Torre, direttore<\/div>\n<\/div>\n<div><\/div>\n","protected":false},"excerpt":{"rendered":"<p>Carissimi, anche questo anno scolastico volge al termine ed \u00e8 desiderio del Vescovo incontrarvi per ringraziare il Signore di questi giorni vissuti con bambini, ragazzi e giovani; \u00e8 occasione questa per ravvivare con i colleghi un intreccio di relazioni che purtroppo ha patito molto in questo tempo cos\u00ec faticoso. \u00c8 stato un anno attraversato da diverse incertezze, difficolt\u00e0, ma che sicuramente ha spinto ciascuno di &hellip; <a href=\"https:\/\/diocesi.concordia-pordenone.it\/scuola\/santa-messa-di-fine-anno-con-il-vescovo\/\" class=\"more-link\">Continue reading <span class=\"screen-reader-text\"><\/span> <span class=\"meta-nav\">&raquo;<\/span><\/a><\/p>\n","protected":false},"author":0,"featured_media":418,"comment_status":"closed","ping_status":"closed","sticky":false,"template":"","format":"standard","meta":{"_acf_changed":false,"footnotes":""},"categories":[3],"tags":[],"class_list":["post-208","post","type-post","status-publish","format-standard","has-post-thumbnail","hentry","category-news"],"acf":[],"_links":{"self":[{"href":"https:\/\/diocesi.concordia-pordenone.it\/scuola\/wp-json\/wp\/v2\/posts\/208","targetHints":{"allow":["GET"]}}],"collection":[{"href":"https:\/\/diocesi.concordia-pordenone.it\/scuola\/wp-json\/wp\/v2\/posts"}],"about":[{"href":"https:\/\/diocesi.concordia-pordenone.it\/scuola\/wp-json\/wp\/v2\/types\/post"}],"author":[{"embeddable":true,"href":"https:\/\/diocesi.concordia-pordenone.it\/scuola\/wp-json\/wp\/v2\/users\/1"}],"replies":[{"embeddable":true,"href":"https:\/\/diocesi.concordia-pordenone.it\/scuola\/wp-json\/wp\/v2\/comments?post=208"}],"version-history":[{"count":1,"href":"https:\/\/diocesi.concordia-pordenone.it\/scuola\/wp-json\/wp\/v2\/posts\/208\/revisions"}],"predecessor-version":[{"id":419,"href":"https:\/\/diocesi.concordia-pordenone.it\/scuola\/wp-json\/wp\/v2\/posts\/208\/revisions\/419"}],"wp:featuredmedia":[{"embeddable":true,"href":"https:\/\/diocesi.concordia-pordenone.it\/scuola\/wp-json\/wp\/v2\/media\/418"}],"wp:attachment":[{"href":"https:\/\/diocesi.concordia-pordenone.it\/scuola\/wp-json\/wp\/v2\/media?parent=208"}],"wp:term":[{"taxonomy":"category","embeddable":true,"href":"https:\/\/diocesi.concordia-pordenone.it\/scuola\/wp-json\/wp\/v2\/categories?post=208"},{"taxonomy":"post_tag","embeddable":true,"href":"https:\/\/diocesi.concordia-pordenone.it\/scuola\/wp-json\/wp\/v2\/tags?post=208"}],"curies":[{"name":"wp","href":"https:\/\/api.w.org\/{rel}","templated":true}]}}