{"id":229,"date":"2013-03-04T20:00:00","date_gmt":"2013-03-04T19:00:00","guid":{"rendered":"https:\/\/diocesi.concordia-pordenone.it\/scuola\/summer-school-2013-in-antropologia-applicata\/"},"modified":"2013-03-04T20:00:00","modified_gmt":"2013-03-04T19:00:00","slug":"summer-school-2013-in-antropologia-applicata","status":"publish","type":"post","link":"https:\/\/diocesi.concordia-pordenone.it\/scuola\/summer-school-2013-in-antropologia-applicata\/","title":{"rendered":"Summer school 2013 in Antropologia applicata"},"content":{"rendered":"<div>Per chi fosse interessato pubblichiamo di seguito un corso di antropologia applicata che viene dal centro studi Jacques Maritain.<\/div>\n<div>La Summer school in Antropologia applicata propone un percorso che si snoda attraverso diversi ambiti della vita della persona, mettendone \u00a0a fuoco le problematiche dal punto di vista del cammno dell&#8217;uomo, nella costruzione di una cultura attenta alle esigenze di sviluppo integrale dell&#8217;umano: gli approfondimenti spaziano dalle dinamiche della vita relazionale alla gestione dei ritmi del vivere, dalle esperienze di fragilit\u00e0 al rapporto con le memorie e con le identit\u00e0, fino ai modi della partecipazione alla vita civile in una societ\u00e0 plurare. L&#8217;itinerario prevede approfondimenti guidati, momenti di studio e lettura personale, lavori di gruppo e occasioni di dibattito.<\/div>\n","protected":false},"excerpt":{"rendered":"<p>Per chi fosse interessato pubblichiamo di seguito un corso di antropologia applicata che viene dal centro studi Jacques Maritain. La Summer school in Antropologia applicata propone un percorso che si snoda attraverso diversi ambiti della vita della persona, mettendone \u00a0a fuoco le problematiche dal punto di vista del cammno dell&#8217;uomo, nella costruzione di una cultura attenta alle esigenze di sviluppo integrale dell&#8217;umano: gli approfondimenti spaziano &hellip; <a href=\"https:\/\/diocesi.concordia-pordenone.it\/scuola\/summer-school-2013-in-antropologia-applicata\/\" class=\"more-link\">Continue reading <span class=\"screen-reader-text\"><\/span> <span class=\"meta-nav\">&raquo;<\/span><\/a><\/p>\n","protected":false},"author":0,"featured_media":230,"comment_status":"closed","ping_status":"closed","sticky":false,"template":"","format":"standard","meta":{"_acf_changed":false,"footnotes":""},"categories":[4],"tags":[],"class_list":["post-229","post","type-post","status-publish","format-standard","has-post-thumbnail","hentry","category-le-buone-pratiche"],"acf":[],"_links":{"self":[{"href":"https:\/\/diocesi.concordia-pordenone.it\/scuola\/wp-json\/wp\/v2\/posts\/229","targetHints":{"allow":["GET"]}}],"collection":[{"href":"https:\/\/diocesi.concordia-pordenone.it\/scuola\/wp-json\/wp\/v2\/posts"}],"about":[{"href":"https:\/\/diocesi.concordia-pordenone.it\/scuola\/wp-json\/wp\/v2\/types\/post"}],"author":[{"embeddable":true,"href":"https:\/\/diocesi.concordia-pordenone.it\/scuola\/wp-json\/wp\/v2\/users\/1"}],"replies":[{"embeddable":true,"href":"https:\/\/diocesi.concordia-pordenone.it\/scuola\/wp-json\/wp\/v2\/comments?post=229"}],"version-history":[{"count":0,"href":"https:\/\/diocesi.concordia-pordenone.it\/scuola\/wp-json\/wp\/v2\/posts\/229\/revisions"}],"wp:featuredmedia":[{"embeddable":true,"href":"https:\/\/diocesi.concordia-pordenone.it\/scuola\/wp-json\/wp\/v2\/media\/230"}],"wp:attachment":[{"href":"https:\/\/diocesi.concordia-pordenone.it\/scuola\/wp-json\/wp\/v2\/media?parent=229"}],"wp:term":[{"taxonomy":"category","embeddable":true,"href":"https:\/\/diocesi.concordia-pordenone.it\/scuola\/wp-json\/wp\/v2\/categories?post=229"},{"taxonomy":"post_tag","embeddable":true,"href":"https:\/\/diocesi.concordia-pordenone.it\/scuola\/wp-json\/wp\/v2\/tags?post=229"}],"curies":[{"name":"wp","href":"https:\/\/api.w.org\/{rel}","templated":true}]}}