{"id":243,"date":"2014-01-04T10:41:00","date_gmt":"2014-01-04T09:41:00","guid":{"rendered":"https:\/\/diocesi.concordia-pordenone.it\/scuola\/corso-di-mondialita-allombra-del-baobab-del-cmd\/"},"modified":"2014-01-04T10:41:00","modified_gmt":"2014-01-04T09:41:00","slug":"corso-di-mondialita-allombra-del-baobab-del-cmd","status":"publish","type":"post","link":"https:\/\/diocesi.concordia-pordenone.it\/scuola\/corso-di-mondialita-allombra-del-baobab-del-cmd\/","title":{"rendered":"Corso di mondialit\u00e0 &#8220;All&#8217;ombra del Baobab&#8221; del CMD"},"content":{"rendered":"<div>Giunta alla sua terza edizione, si riapre il ciclo di incontri culturali dal titoloAll&#8217;ombra del baobab.<\/div>\n<div style=\"font-family: Tahoma, Verdana, Helvetica; color: rgb(51, 51, 51);\">Le serate si pongono l&#8217;obiettivo di informare e riflettere su temi sociali a carattere missionario.<br >I tre cicli di incontri sono iniziati guardando il mondo come un &#8220;Villaggio Globale&#8221; per poi passare, l&#8217;anno successivo, ad approfondire l&#8217;idea di &#8220;Bene Comune&#8221; e continuare l&#8217;anno scorso con la trattazione del tema &#8220;L&#8217;Economia Giusta&#8221;.\u00a0<br >Per il 2014 gli incontri dal titolo :&#8221;Venga il tuo Regno &#8230; di unit\u00e0, di giustizia, di pace e di solidariet\u00e0&#8221; tratteranno il tema della politica, in quanto impegno per la societ\u00e0 intesa in modo universale. Per questo affronteremo quattro aspetti nei rispettivi incontri:<\/div>\n<div>\u00a0<\/div>\n<div style=\"font-family: Tahoma, Verdana, Helvetica; color: rgb(51, 51, 51);\">1\u00b0 Incontro:\u00a0<strong>Marted\u00ec 28 gennaio 2014 ore 20.30<br ><\/strong>Venga il tuo Regno di giustizia<br >Lo sviluppo dei popoli secondo il Magistero della Chiesa<br >\u00a0\u00a0Relatore: Mons. Orioldo Marson\u00a0<br >\u00a0\u00a0Professore di teologia presso seminario di Pordenone<\/div>\n<div>\u00a0<\/div>\n<div style=\"font-family: Tahoma, Verdana, Helvetica; color: rgb(51, 51, 51);\">2\u00b0 Incontro:\u00a0<strong>Marted\u00ec 25 febbraio 2014 ore 20.30<br ><\/strong>Venga il tuo Regno di unit\u00e0<br >La politica come strumento per lo sviluppo attraverso uomini politici che hanno operato \u00a0in Paesi \u00a0dell&#8217;Africa.<br >\u00a0\u00a0Relatore: Padre Kizito Sesana<br >\u00a0\u00a0Comboniano, ex direttore Nigrizia<\/div>\n<div>\u00a0<\/div>\n<div style=\"font-family: Tahoma, Verdana, Helvetica; color: rgb(51, 51, 51);\">3\u00b0 Incontro:\u00a0<strong>Sabato 8 marzo 2014 ore 20.30<br ><\/strong>Venga il tuo Regno di pace<br >Le realt\u00e0 delle associazioni ONG, come operano per lo sviluppo dei popoli. \u00a0L&#8217;incontro verr\u00e0 \u00a0svolto all&#8217;interno dell&#8217;iniziativa &#8220;24 ore di Solidariet\u00e0&#8221;<br >\u00a0\u00a0Relatore: Silvio Tessari\u00a0<br >\u00a0\u00a0Capo ufficio Medio Oriente e Africa della Caritas italiana area internazionale<\/div>\n<div>\u00a0<\/div>\n<div style=\"font-family: Tahoma, Verdana, Helvetica; color: rgb(51, 51, 51);\">4\u00b0 Incontro:\u00a0<strong>Marted\u00ec 06 Maggio 2014 ore 20.30<br ><\/strong>Venga il tuo Regno di solidariet\u00e0<br >Come si pu\u00f2 agire concretamente nel territorio in cui viviamo contribuendo allo sviluppo &#8220;politico&#8221;<br >\u00a0\u00a0Tavola rotonda , interverranno Chiara Mio e Mons. Luciano Padovese<\/div>\n<div>\u00a0<\/div>\n<div style=\"font-family: Tahoma, Verdana, Helvetica; color: rgb(51, 51, 51);\">Questi incontri, aperti a tutta la cittadinanza, sono stati organizzati con la collaborazione \u00a0del <strong>Centro Missionario Diocesano di Concordia Pordenone<\/strong>,\u00a0di\u00a0CO.MI.VI.S. onlus\u00a0e della Caritas Diocesana di Concordia Pordenone, si terranno presso la Comunit\u00e0 Missionaria di Villaregia di Pordenone, in via San Daniele 10.<\/div>\n<div>\u00a0<\/div>\n<div style=\"font-family: Tahoma, Verdana, Helvetica; color: rgb(51, 51, 51);\">Vi aspettiamo.<\/div>\n","protected":false},"excerpt":{"rendered":"<p>Giunta alla sua terza edizione, si riapre il ciclo di incontri culturali dal titoloAll&#8217;ombra del baobab. Le serate si pongono l&#8217;obiettivo di informare e riflettere su temi sociali a carattere missionario.I tre cicli di incontri sono iniziati guardando il mondo come un &#8220;Villaggio Globale&#8221; per poi passare, l&#8217;anno successivo, ad approfondire l&#8217;idea di &#8220;Bene Comune&#8221; e continuare l&#8217;anno scorso con la trattazione del tema &#8220;L&#8217;Economia &hellip; <a href=\"https:\/\/diocesi.concordia-pordenone.it\/scuola\/corso-di-mondialita-allombra-del-baobab-del-cmd\/\" class=\"more-link\">Continue reading <span class=\"screen-reader-text\"><\/span> <span class=\"meta-nav\">&raquo;<\/span><\/a><\/p>\n","protected":false},"author":0,"featured_media":244,"comment_status":"closed","ping_status":"closed","sticky":false,"template":"","format":"standard","meta":{"_acf_changed":false,"footnotes":""},"categories":[4],"tags":[],"class_list":["post-243","post","type-post","status-publish","format-standard","has-post-thumbnail","hentry","category-le-buone-pratiche"],"acf":[],"_links":{"self":[{"href":"https:\/\/diocesi.concordia-pordenone.it\/scuola\/wp-json\/wp\/v2\/posts\/243","targetHints":{"allow":["GET"]}}],"collection":[{"href":"https:\/\/diocesi.concordia-pordenone.it\/scuola\/wp-json\/wp\/v2\/posts"}],"about":[{"href":"https:\/\/diocesi.concordia-pordenone.it\/scuola\/wp-json\/wp\/v2\/types\/post"}],"author":[{"embeddable":true,"href":"https:\/\/diocesi.concordia-pordenone.it\/scuola\/wp-json\/wp\/v2\/users\/1"}],"replies":[{"embeddable":true,"href":"https:\/\/diocesi.concordia-pordenone.it\/scuola\/wp-json\/wp\/v2\/comments?post=243"}],"version-history":[{"count":0,"href":"https:\/\/diocesi.concordia-pordenone.it\/scuola\/wp-json\/wp\/v2\/posts\/243\/revisions"}],"wp:featuredmedia":[{"embeddable":true,"href":"https:\/\/diocesi.concordia-pordenone.it\/scuola\/wp-json\/wp\/v2\/media\/244"}],"wp:attachment":[{"href":"https:\/\/diocesi.concordia-pordenone.it\/scuola\/wp-json\/wp\/v2\/media?parent=243"}],"wp:term":[{"taxonomy":"category","embeddable":true,"href":"https:\/\/diocesi.concordia-pordenone.it\/scuola\/wp-json\/wp\/v2\/categories?post=243"},{"taxonomy":"post_tag","embeddable":true,"href":"https:\/\/diocesi.concordia-pordenone.it\/scuola\/wp-json\/wp\/v2\/tags?post=243"}],"curies":[{"name":"wp","href":"https:\/\/api.w.org\/{rel}","templated":true}]}}