{"id":263,"date":"2015-08-12T14:39:00","date_gmt":"2015-08-12T12:39:00","guid":{"rendered":"https:\/\/diocesi.concordia-pordenone.it\/scuola\/apertura-dellanno-pastorale\/"},"modified":"2015-08-12T14:39:00","modified_gmt":"2015-08-12T12:39:00","slug":"apertura-dellanno-pastorale","status":"publish","type":"post","link":"https:\/\/diocesi.concordia-pordenone.it\/scuola\/apertura-dellanno-pastorale\/","title":{"rendered":"Apertura dell&#8217;anno pastorale"},"content":{"rendered":"<div>\u201cLe citt\u00e0 sono luoghi di libert\u00e0, e di opportunit\u00e0; in esse le persone hanno la possibilit\u00e0 di conoscere altre persone, di interagire e di convivere con esse: Nella citt\u00e0 \u00e8 possibile sperimentare vincoli di fraternit\u00e0, solidariet\u00e0 e universalit\u00e0. L\u2019essere umano \u00e8 chiamato a camminare sempre pi\u00f9 incontro all\u2019altro e a convivere con il diverso, ad accettarlo e ad essere accettato\u201d<\/p>\n<p>Papa Francesco<br >\u00a0<\/div>\n<div><br >Domenica 13 settembre 2015: una data da segnare in agenda perch\u00e9 in citt\u00e0 ci sar\u00e0 l\u2019apertura dell&#8217;anno pastorale diocesano! Alle ore 15.00 ci sar\u00e0 l\u2019avvio della giornata in Duomo a Pordenone, dopodich\u00e9 il pomeriggio sar\u00e0 costellato da vari eventi, realizzati in diversi spazi della citt\u00e0, cos\u00ec da incontrare i gusti di tutti: l\u2019invito \u00e8 aperto alla cittadinanza, piccoli e grandi, operatori pastorali e non, laici, religiosi e sacerdoti!<\/p>\n<p>Ad esempio si potr\u00e0 effettuare la salita al campanile del Duomo di Pordenone per vedere dall\u2019alto la nostra Diocesi, gustare una merenda equosolidale; immergersi in una visita guidata del Duomo per grandi e piccoli, farsi trasportare dalla lettura animata di una fiaba; conoscere artisti locali attraverso le loro opere, ascoltare proposte musicali di generi diversi; vedere uno spettacolo teatrale insieme alla propria famiglia, \u201centrare per magia\u201d in una parabola evangelica; riflettere su temi di attualit\u00e0 a partire da incontri con autori locali e non solo\u2026<\/p>\n<p>Al Centro Pastorale Seminario, dopo una cena all\u2019insegna della sobriet\u00e0 e della convivialit\u00e0, ci sar\u00e0 la Veglia di Preghiera presieduta da S.E. Mons. Giuseppe Pellegrini per prendere il largo insieme verso il nuovo anno pastorale con rinnovato slancio.<\/p>\n<p>Siamo tutti attesi!<\/p><\/div>\n","protected":false},"excerpt":{"rendered":"<p>\u201cLe citt\u00e0 sono luoghi di libert\u00e0, e di opportunit\u00e0; in esse le persone hanno la possibilit\u00e0 di conoscere altre persone, di interagire e di convivere con esse: Nella citt\u00e0 \u00e8 possibile sperimentare vincoli di fraternit\u00e0, solidariet\u00e0 e universalit\u00e0. L\u2019essere umano \u00e8 chiamato a camminare sempre pi\u00f9 incontro all\u2019altro e a convivere con il diverso, ad accettarlo e ad essere accettato\u201d Papa Francesco\u00a0 Domenica 13 settembre &hellip; <a href=\"https:\/\/diocesi.concordia-pordenone.it\/scuola\/apertura-dellanno-pastorale\/\" class=\"more-link\">Continue reading <span class=\"screen-reader-text\"><\/span> <span class=\"meta-nav\">&raquo;<\/span><\/a><\/p>\n","protected":false},"author":0,"featured_media":0,"comment_status":"closed","ping_status":"closed","sticky":false,"template":"","format":"standard","meta":{"_acf_changed":false,"footnotes":""},"categories":[4],"tags":[],"class_list":["post-263","post","type-post","status-publish","format-standard","hentry","category-le-buone-pratiche"],"acf":[],"_links":{"self":[{"href":"https:\/\/diocesi.concordia-pordenone.it\/scuola\/wp-json\/wp\/v2\/posts\/263","targetHints":{"allow":["GET"]}}],"collection":[{"href":"https:\/\/diocesi.concordia-pordenone.it\/scuola\/wp-json\/wp\/v2\/posts"}],"about":[{"href":"https:\/\/diocesi.concordia-pordenone.it\/scuola\/wp-json\/wp\/v2\/types\/post"}],"author":[{"embeddable":true,"href":"https:\/\/diocesi.concordia-pordenone.it\/scuola\/wp-json\/wp\/v2\/users\/1"}],"replies":[{"embeddable":true,"href":"https:\/\/diocesi.concordia-pordenone.it\/scuola\/wp-json\/wp\/v2\/comments?post=263"}],"version-history":[{"count":0,"href":"https:\/\/diocesi.concordia-pordenone.it\/scuola\/wp-json\/wp\/v2\/posts\/263\/revisions"}],"wp:attachment":[{"href":"https:\/\/diocesi.concordia-pordenone.it\/scuola\/wp-json\/wp\/v2\/media?parent=263"}],"wp:term":[{"taxonomy":"category","embeddable":true,"href":"https:\/\/diocesi.concordia-pordenone.it\/scuola\/wp-json\/wp\/v2\/categories?post=263"},{"taxonomy":"post_tag","embeddable":true,"href":"https:\/\/diocesi.concordia-pordenone.it\/scuola\/wp-json\/wp\/v2\/tags?post=263"}],"curies":[{"name":"wp","href":"https:\/\/api.w.org\/{rel}","templated":true}]}}