{"id":265,"date":"2015-10-10T09:48:00","date_gmt":"2015-10-10T07:48:00","guid":{"rendered":"https:\/\/diocesi.concordia-pordenone.it\/scuola\/convegno-su-teoria-del-gender\/"},"modified":"2015-10-10T09:48:00","modified_gmt":"2015-10-10T07:48:00","slug":"convegno-su-teoria-del-gender","status":"publish","type":"post","link":"https:\/\/diocesi.concordia-pordenone.it\/scuola\/convegno-su-teoria-del-gender\/","title":{"rendered":"Convegno su teoria del Gender"},"content":{"rendered":"<div>Carissimi,<\/p>\n<p>il prof. Bruno Pighin ci ha segnalato la possibilit\u00e0 di partecipare agli IdR di ogni ordine e grado di scuola al Convegno La teoria del gender: implicazioni mediche e giuridiche che si terr\u00e0 a Venezia sabato 14 novembre p.v.<\/p>\n<p>Tutte le informazione le potete trovare nell\u2019allegato.<\/p>\n<p>Dato che la partecipazione \u00e8 a numero chiuso, <strong>\u00e8 necessario iscriversi entro e non oltre venerd\u00ec 16 ottobre p.v. portando in ufficio scuola scheda di iscrizione compilata in ogni sua parte e la quota (NON iscrivetevi online!).<\/strong><\/p>\n<p>Cordiali saluti<\/p>\n<p>il Direttore<\/p>\n<p>dott. Giovanni Dalla Torre<\/p><\/div>\n<div>\u00a0<\/div>\n<div>\u00a0<\/div>\n","protected":false},"excerpt":{"rendered":"<p>Carissimi, il prof. Bruno Pighin ci ha segnalato la possibilit\u00e0 di partecipare agli IdR di ogni ordine e grado di scuola al Convegno La teoria del gender: implicazioni mediche e giuridiche che si terr\u00e0 a Venezia sabato 14 novembre p.v. Tutte le informazione le potete trovare nell\u2019allegato. Dato che la partecipazione \u00e8 a numero chiuso, \u00e8 necessario iscriversi entro e non oltre venerd\u00ec 16 ottobre &hellip; <a href=\"https:\/\/diocesi.concordia-pordenone.it\/scuola\/convegno-su-teoria-del-gender\/\" class=\"more-link\">Continue reading <span class=\"screen-reader-text\"><\/span> <span class=\"meta-nav\">&raquo;<\/span><\/a><\/p>\n","protected":false},"author":0,"featured_media":0,"comment_status":"closed","ping_status":"closed","sticky":false,"template":"","format":"standard","meta":{"_acf_changed":false,"footnotes":""},"categories":[4],"tags":[],"class_list":["post-265","post","type-post","status-publish","format-standard","hentry","category-le-buone-pratiche"],"acf":[],"_links":{"self":[{"href":"https:\/\/diocesi.concordia-pordenone.it\/scuola\/wp-json\/wp\/v2\/posts\/265","targetHints":{"allow":["GET"]}}],"collection":[{"href":"https:\/\/diocesi.concordia-pordenone.it\/scuola\/wp-json\/wp\/v2\/posts"}],"about":[{"href":"https:\/\/diocesi.concordia-pordenone.it\/scuola\/wp-json\/wp\/v2\/types\/post"}],"author":[{"embeddable":true,"href":"https:\/\/diocesi.concordia-pordenone.it\/scuola\/wp-json\/wp\/v2\/users\/1"}],"replies":[{"embeddable":true,"href":"https:\/\/diocesi.concordia-pordenone.it\/scuola\/wp-json\/wp\/v2\/comments?post=265"}],"version-history":[{"count":0,"href":"https:\/\/diocesi.concordia-pordenone.it\/scuola\/wp-json\/wp\/v2\/posts\/265\/revisions"}],"wp:attachment":[{"href":"https:\/\/diocesi.concordia-pordenone.it\/scuola\/wp-json\/wp\/v2\/media?parent=265"}],"wp:term":[{"taxonomy":"category","embeddable":true,"href":"https:\/\/diocesi.concordia-pordenone.it\/scuola\/wp-json\/wp\/v2\/categories?post=265"},{"taxonomy":"post_tag","embeddable":true,"href":"https:\/\/diocesi.concordia-pordenone.it\/scuola\/wp-json\/wp\/v2\/tags?post=265"}],"curies":[{"name":"wp","href":"https:\/\/api.w.org\/{rel}","templated":true}]}}