{"id":269,"date":"2015-10-10T10:02:00","date_gmt":"2015-10-10T08:02:00","guid":{"rendered":"https:\/\/diocesi.concordia-pordenone.it\/scuola\/prendersi-cura-della-casa-comune\/"},"modified":"2015-10-10T10:02:00","modified_gmt":"2015-10-10T08:02:00","slug":"prendersi-cura-della-casa-comune","status":"publish","type":"post","link":"https:\/\/diocesi.concordia-pordenone.it\/scuola\/prendersi-cura-della-casa-comune\/","title":{"rendered":"Prendersi cura della casa comune"},"content":{"rendered":"<div>Riceviamo dall\u2019ente promotore e diffondiamo il percorso PRENDERSI CURA DELLA CASA COMUNE. Dall\u20198 al 22 ottobre presso l\u2019Auditorium dell\u2019Istituto Vendramini a Pordenone si terr\u00e0 un breve ciclo di approfondimento dell\u2019Enciclica \u201cLaudato s\u00ec\u201d di papa Francesco.\u00a0 Saranno tre conferenze-dibattito in continuit\u00e0 con la Settimana sociale che si \u00e8 appena conclusa. La specificit\u00e0 \u00e8 la presentazione e commento del testo. Quindi non tanto ampi discorsi che prendono spunto dall\u2019enciclica, ma una riflessione legata ai diversi capitoli del testo, per una conoscenza pi\u00f9 puntuale del documento.\u00a0 Il primo incontro \u00e8 tenuto dal prof. Simone Morandini, che \u00e8 particolarmente preparato nella\u00a0 Teologia della creazione\u00a0 e pu\u00f2 presentare il primo e quarto capitolo, con una attenzione particolare al sociale. Il secondo incontro \u00e8 con il biblista don Federico Zanetti. L\u2019attenzione si sposta sulla spiritualit\u00e0 e l\u2019azione della Chiesa, infine i due coniugi Luciana de Zorzi e Mario Liut aiuteranno a calare l\u2019enciclica nelle piccole azioni e scelte della nostra vita quotidiana, cio\u00e8 a dare una concretezza operativa.\u00a0 Gli incontri saranno l\u20198 ottobre, il 16 e il 22 alle ore 20.30. Hanno valore di aggiornamento per i docenti in quanto organizzati dall\u2019Associazione professionale Uciim che rilascer\u00e0 un attestato di partecipazione. Una grande collaborazione \u00e8 offerta dall\u2019Istituto Vendramini.<\/div>\n","protected":false},"excerpt":{"rendered":"<p>Riceviamo dall\u2019ente promotore e diffondiamo il percorso PRENDERSI CURA DELLA CASA COMUNE. Dall\u20198 al 22 ottobre presso l\u2019Auditorium dell\u2019Istituto Vendramini a Pordenone si terr\u00e0 un breve ciclo di approfondimento dell\u2019Enciclica \u201cLaudato s\u00ec\u201d di papa Francesco.\u00a0 Saranno tre conferenze-dibattito in continuit\u00e0 con la Settimana sociale che si \u00e8 appena conclusa. La specificit\u00e0 \u00e8 la presentazione e commento del testo. Quindi non tanto ampi discorsi che prendono &hellip; <a href=\"https:\/\/diocesi.concordia-pordenone.it\/scuola\/prendersi-cura-della-casa-comune\/\" class=\"more-link\">Continue reading <span class=\"screen-reader-text\"><\/span> <span class=\"meta-nav\">&raquo;<\/span><\/a><\/p>\n","protected":false},"author":0,"featured_media":0,"comment_status":"closed","ping_status":"closed","sticky":false,"template":"","format":"standard","meta":{"_acf_changed":false,"footnotes":""},"categories":[4],"tags":[],"class_list":["post-269","post","type-post","status-publish","format-standard","hentry","category-le-buone-pratiche"],"acf":[],"_links":{"self":[{"href":"https:\/\/diocesi.concordia-pordenone.it\/scuola\/wp-json\/wp\/v2\/posts\/269","targetHints":{"allow":["GET"]}}],"collection":[{"href":"https:\/\/diocesi.concordia-pordenone.it\/scuola\/wp-json\/wp\/v2\/posts"}],"about":[{"href":"https:\/\/diocesi.concordia-pordenone.it\/scuola\/wp-json\/wp\/v2\/types\/post"}],"author":[{"embeddable":true,"href":"https:\/\/diocesi.concordia-pordenone.it\/scuola\/wp-json\/wp\/v2\/users\/1"}],"replies":[{"embeddable":true,"href":"https:\/\/diocesi.concordia-pordenone.it\/scuola\/wp-json\/wp\/v2\/comments?post=269"}],"version-history":[{"count":0,"href":"https:\/\/diocesi.concordia-pordenone.it\/scuola\/wp-json\/wp\/v2\/posts\/269\/revisions"}],"wp:attachment":[{"href":"https:\/\/diocesi.concordia-pordenone.it\/scuola\/wp-json\/wp\/v2\/media?parent=269"}],"wp:term":[{"taxonomy":"category","embeddable":true,"href":"https:\/\/diocesi.concordia-pordenone.it\/scuola\/wp-json\/wp\/v2\/categories?post=269"},{"taxonomy":"post_tag","embeddable":true,"href":"https:\/\/diocesi.concordia-pordenone.it\/scuola\/wp-json\/wp\/v2\/tags?post=269"}],"curies":[{"name":"wp","href":"https:\/\/api.w.org\/{rel}","templated":true}]}}