{"id":292,"date":"2016-02-26T15:24:00","date_gmt":"2016-02-26T14:24:00","guid":{"rendered":"https:\/\/diocesi.concordia-pordenone.it\/scuola\/convegno-con-rev-mo-prof-manuel-j-arroba-conde\/"},"modified":"2016-02-26T15:24:00","modified_gmt":"2016-02-26T14:24:00","slug":"convegno-con-rev-mo-prof-manuel-j-arroba-conde","status":"publish","type":"post","link":"https:\/\/diocesi.concordia-pordenone.it\/scuola\/convegno-con-rev-mo-prof-manuel-j-arroba-conde\/","title":{"rendered":"Convegno con Rev.mo prof. Manuel J. Arroba Conde"},"content":{"rendered":"<div>Il convegno si terr\u00e0 il 29 febbraio 2016 ore 18.00-19.45 presso l&#8217;Auditorium della Regione di Via Roma, 2 &#8211; Pordenone sul tema:<\/p>\n<p><strong>Processo canonico di nullit\u00e0 matrimoniale: aspetti sostanziali e processuali, principali novit\u00e0. Il processo &#8220;breve&#8221;<\/strong>.<\/p>\n<p>Relatore \u00e8 il Rev.mo prof. Manuel J. Arroba Conde, ordinario di diritto processuale canonico presso la Pontificia Universit\u00e0 Lateranense, Giudice del Vicariato di Roma, Referendario del Supremo Tribunale della Senatura Apostolica, Consultore del Papa per i testi legislativi, membro\u00a0 di nomina papale al Sinodo del Vescovi sulla famiglia.<\/p>\n<p>Confido che data la statura del relatore e l&#8217;eccezionalit\u00e0 della sua presenza a Pordenone, la partecipazione sia ampia.<\/p>\n<p>Cordiali saluti.<\/p>\n<p>Carla Panizzi<\/p><\/div>\n","protected":false},"excerpt":{"rendered":"<p>Il convegno si terr\u00e0 il 29 febbraio 2016 ore 18.00-19.45 presso l&#8217;Auditorium della Regione di Via Roma, 2 &#8211; Pordenone sul tema: Processo canonico di nullit\u00e0 matrimoniale: aspetti sostanziali e processuali, principali novit\u00e0. Il processo &#8220;breve&#8221;. Relatore \u00e8 il Rev.mo prof. Manuel J. Arroba Conde, ordinario di diritto processuale canonico presso la Pontificia Universit\u00e0 Lateranense, Giudice del Vicariato di Roma, Referendario del Supremo Tribunale della &hellip; <a href=\"https:\/\/diocesi.concordia-pordenone.it\/scuola\/convegno-con-rev-mo-prof-manuel-j-arroba-conde\/\" class=\"more-link\">Continue reading <span class=\"screen-reader-text\"><\/span> <span class=\"meta-nav\">&raquo;<\/span><\/a><\/p>\n","protected":false},"author":0,"featured_media":0,"comment_status":"closed","ping_status":"closed","sticky":false,"template":"","format":"standard","meta":{"_acf_changed":false,"footnotes":""},"categories":[4],"tags":[],"class_list":["post-292","post","type-post","status-publish","format-standard","hentry","category-le-buone-pratiche"],"acf":[],"_links":{"self":[{"href":"https:\/\/diocesi.concordia-pordenone.it\/scuola\/wp-json\/wp\/v2\/posts\/292","targetHints":{"allow":["GET"]}}],"collection":[{"href":"https:\/\/diocesi.concordia-pordenone.it\/scuola\/wp-json\/wp\/v2\/posts"}],"about":[{"href":"https:\/\/diocesi.concordia-pordenone.it\/scuola\/wp-json\/wp\/v2\/types\/post"}],"author":[{"embeddable":true,"href":"https:\/\/diocesi.concordia-pordenone.it\/scuola\/wp-json\/wp\/v2\/users\/1"}],"replies":[{"embeddable":true,"href":"https:\/\/diocesi.concordia-pordenone.it\/scuola\/wp-json\/wp\/v2\/comments?post=292"}],"version-history":[{"count":0,"href":"https:\/\/diocesi.concordia-pordenone.it\/scuola\/wp-json\/wp\/v2\/posts\/292\/revisions"}],"wp:attachment":[{"href":"https:\/\/diocesi.concordia-pordenone.it\/scuola\/wp-json\/wp\/v2\/media?parent=292"}],"wp:term":[{"taxonomy":"category","embeddable":true,"href":"https:\/\/diocesi.concordia-pordenone.it\/scuola\/wp-json\/wp\/v2\/categories?post=292"},{"taxonomy":"post_tag","embeddable":true,"href":"https:\/\/diocesi.concordia-pordenone.it\/scuola\/wp-json\/wp\/v2\/tags?post=292"}],"curies":[{"name":"wp","href":"https:\/\/api.w.org\/{rel}","templated":true}]}}