{"id":306,"date":"2017-01-17T15:21:00","date_gmt":"2017-01-17T14:21:00","guid":{"rendered":"https:\/\/diocesi.concordia-pordenone.it\/scuola\/allombra-del-baobab-2\/"},"modified":"2017-01-17T15:21:00","modified_gmt":"2017-01-17T14:21:00","slug":"allombra-del-baobab-2","status":"publish","type":"post","link":"https:\/\/diocesi.concordia-pordenone.it\/scuola\/allombra-del-baobab-2\/","title":{"rendered":"All&#8217;ombra del Baobab"},"content":{"rendered":"<div>Marted\u00ec 17 gennaio parte la settima edizione del percorso formativo \u201cAll\u2019ombra del Baobab\u201d, organizzato dalla Comunit\u00e0 Missionaria di Villaregia, assieme al Centro Missionario diocesano, alla Caritas diocesana e a Presenza e Cultura, che quest\u2019anno prende spunto dall\u2019enciclica di Papa Francesco ?Laudato si\u2019.<\/p>\n<p>Il percorso prevede quattro incontri presso la Comunit\u00e0 Missionaria di Villaregia, in via San Daniele 10 a Pordenone, alle ore 20.30, marted\u00ec 17 e 31 gennaio, marted\u00ec 14 e 28 febbraio.<\/p>\n<p>In allegato il volantino e la locandina.<\/p>\n<p>\u00a0<\/p>\n<p>Primo incontro<\/p>\n<p>Marted\u00ec 17 gennaio ore 20.30<\/p>\n<p>Interessi strategici: uno scenario favorevole per nuove guerre<\/p>\n<p>Fulvio Scaglione: giornalista professionista, dal 2000 al 2016 vice-direttore del settimanale Famiglia Cristiana e attualmente editorialista<br >\u00a0<\/div>\n","protected":false},"excerpt":{"rendered":"<p>Marted\u00ec 17 gennaio parte la settima edizione del percorso formativo \u201cAll\u2019ombra del Baobab\u201d, organizzato dalla Comunit\u00e0 Missionaria di Villaregia, assieme al Centro Missionario diocesano, alla Caritas diocesana e a Presenza e Cultura, che quest\u2019anno prende spunto dall\u2019enciclica di Papa Francesco ?Laudato si\u2019. Il percorso prevede quattro incontri presso la Comunit\u00e0 Missionaria di Villaregia, in via San Daniele 10 a Pordenone, alle ore 20.30, marted\u00ec 17 &hellip; <a href=\"https:\/\/diocesi.concordia-pordenone.it\/scuola\/allombra-del-baobab-2\/\" class=\"more-link\">Continue reading <span class=\"screen-reader-text\"><\/span> <span class=\"meta-nav\">&raquo;<\/span><\/a><\/p>\n","protected":false},"author":0,"featured_media":0,"comment_status":"closed","ping_status":"closed","sticky":false,"template":"","format":"standard","meta":{"_acf_changed":false,"footnotes":""},"categories":[4],"tags":[],"class_list":["post-306","post","type-post","status-publish","format-standard","hentry","category-le-buone-pratiche"],"acf":[],"_links":{"self":[{"href":"https:\/\/diocesi.concordia-pordenone.it\/scuola\/wp-json\/wp\/v2\/posts\/306","targetHints":{"allow":["GET"]}}],"collection":[{"href":"https:\/\/diocesi.concordia-pordenone.it\/scuola\/wp-json\/wp\/v2\/posts"}],"about":[{"href":"https:\/\/diocesi.concordia-pordenone.it\/scuola\/wp-json\/wp\/v2\/types\/post"}],"author":[{"embeddable":true,"href":"https:\/\/diocesi.concordia-pordenone.it\/scuola\/wp-json\/wp\/v2\/users\/1"}],"replies":[{"embeddable":true,"href":"https:\/\/diocesi.concordia-pordenone.it\/scuola\/wp-json\/wp\/v2\/comments?post=306"}],"version-history":[{"count":0,"href":"https:\/\/diocesi.concordia-pordenone.it\/scuola\/wp-json\/wp\/v2\/posts\/306\/revisions"}],"wp:attachment":[{"href":"https:\/\/diocesi.concordia-pordenone.it\/scuola\/wp-json\/wp\/v2\/media?parent=306"}],"wp:term":[{"taxonomy":"category","embeddable":true,"href":"https:\/\/diocesi.concordia-pordenone.it\/scuola\/wp-json\/wp\/v2\/categories?post=306"},{"taxonomy":"post_tag","embeddable":true,"href":"https:\/\/diocesi.concordia-pordenone.it\/scuola\/wp-json\/wp\/v2\/tags?post=306"}],"curies":[{"name":"wp","href":"https:\/\/api.w.org\/{rel}","templated":true}]}}