{"id":315,"date":"2017-03-20T16:41:00","date_gmt":"2017-03-20T15:41:00","guid":{"rendered":"https:\/\/diocesi.concordia-pordenone.it\/scuola\/prossime-iniziative-del-mese-delleducazione\/"},"modified":"2017-03-20T16:41:00","modified_gmt":"2017-03-20T15:41:00","slug":"prossime-iniziative-del-mese-delleducazione","status":"publish","type":"post","link":"https:\/\/diocesi.concordia-pordenone.it\/scuola\/prossime-iniziative-del-mese-delleducazione\/","title":{"rendered":"Prossime iniziative del &#8220;Mese dell&#8217;educazione&#8221;"},"content":{"rendered":"<div>Proseguono gli interessanti incontri del Mese dell\u2019Educazione. Vi segnalo alcune opportunit\u00e0:<\/p>\n<p>&#8211; venerd\u00ec 24 marzo, ore 20.30 presso il Collegio Marconi proiezione del film \u201cGenitori\u201d di Alberto Fasulo, \u00e8 un film documentario che si permette la libert\u00e0 di entrare, immaginare e comprendere la realt\u00e0 di famiglie che vivono l\u2019esperienza con un figlio disabile.<\/p>\n<p>&#8211; gioved\u00ec 30 marzo, ore 15.00, presso l\u2019aula grande del Polo Universitario il prof. Piergiorgio Reggio presenta il suo libro \u201cLo schiaffo di don Milani\u201d<br >\u00a0<\/div>\n<div>&#8211; sabato 1\u00b0 aprile, dalle 14.30 alle 19.00, presso il Collegio Marconi III edizione di Libri in fiore, letture animate, libri da scambiare, laboratori per bambini e ragazzi, incontro-spettacolo con lo scrittore Luigi Dal Cin<\/p>\n<p>Auspico una larga presenza, un cordiale saluto<\/p>\n<p>Giovanni Mauro Dalla Torre, direttore<\/p><\/div>\n","protected":false},"excerpt":{"rendered":"<p>Proseguono gli interessanti incontri del Mese dell\u2019Educazione. Vi segnalo alcune opportunit\u00e0: &#8211; venerd\u00ec 24 marzo, ore 20.30 presso il Collegio Marconi proiezione del film \u201cGenitori\u201d di Alberto Fasulo, \u00e8 un film documentario che si permette la libert\u00e0 di entrare, immaginare e comprendere la realt\u00e0 di famiglie che vivono l\u2019esperienza con un figlio disabile. &#8211; gioved\u00ec 30 marzo, ore 15.00, presso l\u2019aula grande del Polo Universitario &hellip; <a href=\"https:\/\/diocesi.concordia-pordenone.it\/scuola\/prossime-iniziative-del-mese-delleducazione\/\" class=\"more-link\">Continue reading <span class=\"screen-reader-text\"><\/span> <span class=\"meta-nav\">&raquo;<\/span><\/a><\/p>\n","protected":false},"author":0,"featured_media":0,"comment_status":"closed","ping_status":"closed","sticky":false,"template":"","format":"standard","meta":{"_acf_changed":false,"footnotes":""},"categories":[4],"tags":[],"class_list":["post-315","post","type-post","status-publish","format-standard","hentry","category-le-buone-pratiche"],"acf":[],"_links":{"self":[{"href":"https:\/\/diocesi.concordia-pordenone.it\/scuola\/wp-json\/wp\/v2\/posts\/315","targetHints":{"allow":["GET"]}}],"collection":[{"href":"https:\/\/diocesi.concordia-pordenone.it\/scuola\/wp-json\/wp\/v2\/posts"}],"about":[{"href":"https:\/\/diocesi.concordia-pordenone.it\/scuola\/wp-json\/wp\/v2\/types\/post"}],"author":[{"embeddable":true,"href":"https:\/\/diocesi.concordia-pordenone.it\/scuola\/wp-json\/wp\/v2\/users\/1"}],"replies":[{"embeddable":true,"href":"https:\/\/diocesi.concordia-pordenone.it\/scuola\/wp-json\/wp\/v2\/comments?post=315"}],"version-history":[{"count":0,"href":"https:\/\/diocesi.concordia-pordenone.it\/scuola\/wp-json\/wp\/v2\/posts\/315\/revisions"}],"wp:attachment":[{"href":"https:\/\/diocesi.concordia-pordenone.it\/scuola\/wp-json\/wp\/v2\/media?parent=315"}],"wp:term":[{"taxonomy":"category","embeddable":true,"href":"https:\/\/diocesi.concordia-pordenone.it\/scuola\/wp-json\/wp\/v2\/categories?post=315"},{"taxonomy":"post_tag","embeddable":true,"href":"https:\/\/diocesi.concordia-pordenone.it\/scuola\/wp-json\/wp\/v2\/tags?post=315"}],"curies":[{"name":"wp","href":"https:\/\/api.w.org\/{rel}","templated":true}]}}