{"id":318,"date":"2017-06-12T16:32:00","date_gmt":"2017-06-12T14:32:00","guid":{"rendered":"https:\/\/diocesi.concordia-pordenone.it\/scuola\/mondi-vicini-viaggiare-in-casa\/"},"modified":"2017-06-12T16:32:00","modified_gmt":"2017-06-12T14:32:00","slug":"mondi-vicini-viaggiare-in-casa","status":"publish","type":"post","link":"https:\/\/diocesi.concordia-pordenone.it\/scuola\/mondi-vicini-viaggiare-in-casa\/","title":{"rendered":"Mondi vicini. Viaggiare in casa."},"content":{"rendered":"<div>In occasione della Giornata Mondiale del Rifugiato, che si celebra il 20 giugno, la Cooperativa Nuovi Vicini, in collaborazione con la Caritas Diocesana di Concordia-Pordenone e con altre realt\u00e0 del territorio, organizza una serie di appuntamenti aperti al pubblico: sotto il titolo \u201cMondi vicini, viaggiare in casa\u201d, si vuole mettere a contatto i rifugiati che vivono in citt\u00e0 con il pubblico italiano interessato ad incontrarli, per vedere da vicino come vivono a Pordenone. Sar\u00e0 come intraprendere un viaggio in Paesi lontani, pur rimanendo in citt\u00e0, attraverso le parole di chi sta vivendo questa particolare condizione di vita vicino a noi.<\/p>\n<p>Tutti gli appuntamenti sono ad ingresso libero.<\/p>\n<p>Questo il programma:<\/p>\n<p>\u00a0<\/p>\n<p>12 GIUGNO &#8211; ORE 18.00<\/p>\n<p>Concerto &#8220;Freedom Fighters&#8221;<\/p>\n<p>Si tratta di un coro di 12 componenti, uomini e donne accolti nei progetti SPRAR (Sistema di Protezione per Richiedenti Asilo e Rifugiati) e di Accoglienza straordinaria, provenienti dal Medio Oriente e dall\u2019Africa<\/p>\n<p>Ex Convento di San Francesco &#8211; Piazza della Motta, Pordenone<\/p>\n<p>In collaborazione con Polinote<\/p>\n<p>\u00a0<\/p>\n<p>26 GIUGNO &#8211; ORE 21.15<\/p>\n<p>Spettacolo &#8220;Ponti\/Puints&#8221;<\/p>\n<p>Musica e letture sulle migrazioni di ieri e di oggi<\/p>\n<p>Iniziativa all&#8217;interno di &#8220;Folkest 2017&#8221;<\/p>\n<p>Parco Casa Madonna Pellegrina &#8211; Via Madonna Pellegrina 11, Pordenone<\/p><\/div>\n<div>\u00a0<\/div>\n<div>\u00a0<\/div>\n<div>\u00a0<\/div>\n<div>8 LUGLIO<\/p>\n<p>ORE 16.00: visita ad alcune strutture di accoglienza ospitanti richiedenti protezione internazionale e rifugiati<\/p>\n<p>&#8211; Casa Madonna Pellegrina, Via Madonna Pellegrina 11, Pordenone<\/p>\n<p>&#8211; struttura di Via del Seminario, Pordenone<\/p>\n<p>\u00a0<\/p>\n<p>ORE 18.00: apericena etnico<\/p>\n<p>Casa Madonna Pellegrina<\/p>\n<p>\u00a0<\/p>\n<p>ORE 19.00: concerto musica reggae<\/p>\n<p>del gruppo &#8220;Wicked Dub Division&#8221;<\/p>\n<p>Parco Casa Madonna Pellegrina<\/p><\/div>\n<div>\u00a0<\/div>\n<div>\u00a0<\/div>\n","protected":false},"excerpt":{"rendered":"<p>In occasione della Giornata Mondiale del Rifugiato, che si celebra il 20 giugno, la Cooperativa Nuovi Vicini, in collaborazione con la Caritas Diocesana di Concordia-Pordenone e con altre realt\u00e0 del territorio, organizza una serie di appuntamenti aperti al pubblico: sotto il titolo \u201cMondi vicini, viaggiare in casa\u201d, si vuole mettere a contatto i rifugiati che vivono in citt\u00e0 con il pubblico italiano interessato ad incontrarli, &hellip; <a href=\"https:\/\/diocesi.concordia-pordenone.it\/scuola\/mondi-vicini-viaggiare-in-casa\/\" class=\"more-link\">Continue reading <span class=\"screen-reader-text\"><\/span> <span class=\"meta-nav\">&raquo;<\/span><\/a><\/p>\n","protected":false},"author":0,"featured_media":319,"comment_status":"closed","ping_status":"closed","sticky":false,"template":"","format":"standard","meta":{"_acf_changed":false,"footnotes":""},"categories":[4],"tags":[],"class_list":["post-318","post","type-post","status-publish","format-standard","has-post-thumbnail","hentry","category-le-buone-pratiche"],"acf":[],"_links":{"self":[{"href":"https:\/\/diocesi.concordia-pordenone.it\/scuola\/wp-json\/wp\/v2\/posts\/318","targetHints":{"allow":["GET"]}}],"collection":[{"href":"https:\/\/diocesi.concordia-pordenone.it\/scuola\/wp-json\/wp\/v2\/posts"}],"about":[{"href":"https:\/\/diocesi.concordia-pordenone.it\/scuola\/wp-json\/wp\/v2\/types\/post"}],"author":[{"embeddable":true,"href":"https:\/\/diocesi.concordia-pordenone.it\/scuola\/wp-json\/wp\/v2\/users\/1"}],"replies":[{"embeddable":true,"href":"https:\/\/diocesi.concordia-pordenone.it\/scuola\/wp-json\/wp\/v2\/comments?post=318"}],"version-history":[{"count":0,"href":"https:\/\/diocesi.concordia-pordenone.it\/scuola\/wp-json\/wp\/v2\/posts\/318\/revisions"}],"wp:featuredmedia":[{"embeddable":true,"href":"https:\/\/diocesi.concordia-pordenone.it\/scuola\/wp-json\/wp\/v2\/media\/319"}],"wp:attachment":[{"href":"https:\/\/diocesi.concordia-pordenone.it\/scuola\/wp-json\/wp\/v2\/media?parent=318"}],"wp:term":[{"taxonomy":"category","embeddable":true,"href":"https:\/\/diocesi.concordia-pordenone.it\/scuola\/wp-json\/wp\/v2\/categories?post=318"},{"taxonomy":"post_tag","embeddable":true,"href":"https:\/\/diocesi.concordia-pordenone.it\/scuola\/wp-json\/wp\/v2\/tags?post=318"}],"curies":[{"name":"wp","href":"https:\/\/api.w.org\/{rel}","templated":true}]}}