{"id":328,"date":"2017-11-02T12:20:00","date_gmt":"2017-11-02T11:20:00","guid":{"rendered":"https:\/\/diocesi.concordia-pordenone.it\/scuola\/xi-settimana-sociale-diocesana\/"},"modified":"2017-11-02T12:20:00","modified_gmt":"2017-11-02T11:20:00","slug":"xi-settimana-sociale-diocesana","status":"publish","type":"post","link":"https:\/\/diocesi.concordia-pordenone.it\/scuola\/xi-settimana-sociale-diocesana\/","title":{"rendered":"XI Settimana sociale diocesana"},"content":{"rendered":"<div>Siamo lieti di invitarvi alla XI Settimana Sociale Diocesana, che si terr\u00e0 nelle giornate di<\/p>\n<p>LUNED\u00cc 13, MERCOLED\u00cc 15 E VENERD\u00cc 17 NOVEMBRE 2017<\/p>\n<p>ORE 20.30<\/p>\n<p>presso le tre sedi specificate nel d\u00e9pliant in allegato (rispettivamente Concordia Sagittaria, San Vito al Tagliamento, Pordenone).<\/p>\n<p>Questa XI edizione, infatti, si contraddistingue per una novit\u00e0: si svolge in tre sedi differenti, per favorire un maggior coinvolgimento del territorio diocesano.<\/p>\n<p>\u00a0<\/p><\/div>\n<div>Commissione Diocesana per la Pastorale Sociale<\/div>\n","protected":false},"excerpt":{"rendered":"<p>Siamo lieti di invitarvi alla XI Settimana Sociale Diocesana, che si terr\u00e0 nelle giornate di LUNED\u00cc 13, MERCOLED\u00cc 15 E VENERD\u00cc 17 NOVEMBRE 2017 ORE 20.30 presso le tre sedi specificate nel d\u00e9pliant in allegato (rispettivamente Concordia Sagittaria, San Vito al Tagliamento, Pordenone). Questa XI edizione, infatti, si contraddistingue per una novit\u00e0: si svolge in tre sedi differenti, per favorire un maggior coinvolgimento del territorio &hellip; <a href=\"https:\/\/diocesi.concordia-pordenone.it\/scuola\/xi-settimana-sociale-diocesana\/\" class=\"more-link\">Continue reading <span class=\"screen-reader-text\"><\/span> <span class=\"meta-nav\">&raquo;<\/span><\/a><\/p>\n","protected":false},"author":0,"featured_media":0,"comment_status":"closed","ping_status":"closed","sticky":false,"template":"","format":"standard","meta":{"_acf_changed":false,"footnotes":""},"categories":[4],"tags":[],"class_list":["post-328","post","type-post","status-publish","format-standard","hentry","category-le-buone-pratiche"],"acf":[],"_links":{"self":[{"href":"https:\/\/diocesi.concordia-pordenone.it\/scuola\/wp-json\/wp\/v2\/posts\/328","targetHints":{"allow":["GET"]}}],"collection":[{"href":"https:\/\/diocesi.concordia-pordenone.it\/scuola\/wp-json\/wp\/v2\/posts"}],"about":[{"href":"https:\/\/diocesi.concordia-pordenone.it\/scuola\/wp-json\/wp\/v2\/types\/post"}],"author":[{"embeddable":true,"href":"https:\/\/diocesi.concordia-pordenone.it\/scuola\/wp-json\/wp\/v2\/users\/1"}],"replies":[{"embeddable":true,"href":"https:\/\/diocesi.concordia-pordenone.it\/scuola\/wp-json\/wp\/v2\/comments?post=328"}],"version-history":[{"count":0,"href":"https:\/\/diocesi.concordia-pordenone.it\/scuola\/wp-json\/wp\/v2\/posts\/328\/revisions"}],"wp:attachment":[{"href":"https:\/\/diocesi.concordia-pordenone.it\/scuola\/wp-json\/wp\/v2\/media?parent=328"}],"wp:term":[{"taxonomy":"category","embeddable":true,"href":"https:\/\/diocesi.concordia-pordenone.it\/scuola\/wp-json\/wp\/v2\/categories?post=328"},{"taxonomy":"post_tag","embeddable":true,"href":"https:\/\/diocesi.concordia-pordenone.it\/scuola\/wp-json\/wp\/v2\/tags?post=328"}],"curies":[{"name":"wp","href":"https:\/\/api.w.org\/{rel}","templated":true}]}}