{"id":333,"date":"2018-02-28T11:46:00","date_gmt":"2018-02-28T10:46:00","guid":{"rendered":"https:\/\/diocesi.concordia-pordenone.it\/scuola\/mese-delleducazione-2018\/"},"modified":"2018-02-28T11:46:00","modified_gmt":"2018-02-28T10:46:00","slug":"mese-delleducazione-2018","status":"publish","type":"post","link":"https:\/\/diocesi.concordia-pordenone.it\/scuola\/mese-delleducazione-2018\/","title":{"rendered":"Mese dell&#8217;educazione 2018"},"content":{"rendered":"<div>Cari docenti,<\/p>\n<p>vi allego il d\u00e9pliant del Mese dell\u2019Educazione che si svolge a Portogruaro. \u00c8 una manifestazione giunta ormai alla quindicesima edizione\u00a0 che mette a fuoco il tema dell\u2019educare, con modalit\u00e0 assai diversificate e intelligenti.<\/p>\n<p>Tema di fondo di quest\u2019anno: educare al limite. Tema quanto mai attuale nel momento storico attuale dove sembra che nulla abbia pi\u00f9 limiti sia per adulti che per ragazzi.<\/p>\n<p>A tutti voi rivolgo un deciso invito a parteciparvi secondo le vostre possibilit\u00e0 e impegni.<\/p>\n<p>Scorrendo le varie proposte, molteplici sono gli stimoli e assai diversificati tra di loro che potranno diventare utile spunto a riprendere alcune tematiche disattese, ad avviare percorsi didattici inesplorati o sconosciuti.<\/p>\n<p>Alcuni Idr hanno partecipato alla progettazione e realizzazione di questo percorso cos\u00ec centrale per la nostra professionalit\u00e0 e vi hanno riversato la loro sensibilit\u00e0 di docenti IRc. Di questo li ringrazio, perch\u00e9 ben sappiamo come le nostre vite siano un intreccio sempre pi\u00f9 intenso di impegni, lavori, preoccupazioni.<\/p>\n<p>Questa mia sollecitazione sia colta come una occasione buona e bella per migliorare, perfezionare ed arricchire il vostro servizio verso le nuove generazioni e verso i loro genitori, avendo uno sguardo sempre pi\u00f9 ampio, umanamente e professionalmente pregnante e significativo.<\/p>\n<p>Grato per il vostro lavoro e la vostra dedizione un cordiale augurio di una santa Quaresima, nella speranza certa di incontrarvi nei vari appuntamenti proposti.<\/p>\n<p>\u00a0<\/p>\n<p>Giovanni Mauro Dalla Torre, direttore<\/p><\/div>\n","protected":false},"excerpt":{"rendered":"<p>Cari docenti, vi allego il d\u00e9pliant del Mese dell\u2019Educazione che si svolge a Portogruaro. \u00c8 una manifestazione giunta ormai alla quindicesima edizione\u00a0 che mette a fuoco il tema dell\u2019educare, con modalit\u00e0 assai diversificate e intelligenti. Tema di fondo di quest\u2019anno: educare al limite. Tema quanto mai attuale nel momento storico attuale dove sembra che nulla abbia pi\u00f9 limiti sia per adulti che per ragazzi. A &hellip; <a href=\"https:\/\/diocesi.concordia-pordenone.it\/scuola\/mese-delleducazione-2018\/\" class=\"more-link\">Continue reading <span class=\"screen-reader-text\"><\/span> <span class=\"meta-nav\">&raquo;<\/span><\/a><\/p>\n","protected":false},"author":0,"featured_media":0,"comment_status":"closed","ping_status":"closed","sticky":false,"template":"","format":"standard","meta":{"_acf_changed":false,"footnotes":""},"categories":[4],"tags":[],"class_list":["post-333","post","type-post","status-publish","format-standard","hentry","category-le-buone-pratiche"],"acf":[],"_links":{"self":[{"href":"https:\/\/diocesi.concordia-pordenone.it\/scuola\/wp-json\/wp\/v2\/posts\/333","targetHints":{"allow":["GET"]}}],"collection":[{"href":"https:\/\/diocesi.concordia-pordenone.it\/scuola\/wp-json\/wp\/v2\/posts"}],"about":[{"href":"https:\/\/diocesi.concordia-pordenone.it\/scuola\/wp-json\/wp\/v2\/types\/post"}],"author":[{"embeddable":true,"href":"https:\/\/diocesi.concordia-pordenone.it\/scuola\/wp-json\/wp\/v2\/users\/1"}],"replies":[{"embeddable":true,"href":"https:\/\/diocesi.concordia-pordenone.it\/scuola\/wp-json\/wp\/v2\/comments?post=333"}],"version-history":[{"count":0,"href":"https:\/\/diocesi.concordia-pordenone.it\/scuola\/wp-json\/wp\/v2\/posts\/333\/revisions"}],"wp:attachment":[{"href":"https:\/\/diocesi.concordia-pordenone.it\/scuola\/wp-json\/wp\/v2\/media?parent=333"}],"wp:term":[{"taxonomy":"category","embeddable":true,"href":"https:\/\/diocesi.concordia-pordenone.it\/scuola\/wp-json\/wp\/v2\/categories?post=333"},{"taxonomy":"post_tag","embeddable":true,"href":"https:\/\/diocesi.concordia-pordenone.it\/scuola\/wp-json\/wp\/v2\/tags?post=333"}],"curies":[{"name":"wp","href":"https:\/\/api.w.org\/{rel}","templated":true}]}}