{"id":34,"date":"2012-04-08T18:57:00","date_gmt":"2012-04-08T16:57:00","guid":{"rendered":"https:\/\/diocesi.concordia-pordenone.it\/scuola\/auguri-di-pasqua-2012-e-incontro-con-don-armando-matteo\/"},"modified":"2012-04-08T18:57:00","modified_gmt":"2012-04-08T16:57:00","slug":"auguri-di-pasqua-2012-e-incontro-con-don-armando-matteo","status":"publish","type":"post","link":"https:\/\/diocesi.concordia-pordenone.it\/scuola\/auguri-di-pasqua-2012-e-incontro-con-don-armando-matteo\/","title":{"rendered":"Auguri di Pasqua 2012 e incontro con don Armando Matteo"},"content":{"rendered":"<div>\u00a0Sollecitati dalle molteplici situazioni che viviamo nel lavorare per e accanto ai giovani, in collaborazione con l\u2019Ufficio Catechistico, abbiamo invitato a parlare agli insegnanti di religione, ai catechisti e a quanti si occupano di educazione a vari livelli, <strong>don Armando Matteo <\/strong>autore del libro <strong>La prima generazione incredula. Il difficile rapporto tra i giovani e la fede.<\/strong><\/div>\n<div>Perch\u00e9 il messaggio di felicit\u00e0 che Ges\u00f9 ha portato sulla terra non fa pi\u00f9 breccia nel cuore dei giovani? Perch\u00e9 i nostri ventenni stanno alla larga dalle pratiche di fede e di preghiera? Dove sono finiti le ragazze e i ragazzi delle GMG? Di fronte a tale situazione e pi\u00f9 in generale all&#8217;irritualit\u00e0 che segna molti comportamenti giovanili, ci si ripete solitamente che &#8220;i giovani non sono pi\u00f9 quelli di una volta&#8221;, avallando la rassicurante idea che sia &#8220;normale&#8221; il loro non essere normali. Il libro, al contrario, interroga sul serio l&#8217;inedito che il modo di vivere e di credere\/non credere dei giovani manifesta. Individua cos\u00ec al fondo del loro cuore la ferita di un grido di speranza, in mezzo a una societ\u00e0 che ama pi\u00f9 la giovinezza che i giovani. \u00c8 da questo grido che bisogna ripartire. Per il loro futuro, per il futuro della societ\u00e0, per il futuro della Chiesa.<\/div>\n<div>Queste alcune delle sollecitazioni a cui cercheremo di dare risposta assieme a don Armando Matteo.<\/div>\n<div style=\"text-align: center; \"><strong>Vi invito perci\u00f2 a partecipare all\u2019incontro previsto per<\/strong><\/div>\n<div style=\"text-align: center; \"><strong>gioved\u00ec 19 aprile, ore 18.00 presso la Casa Madonna Pellegrina (PN)<\/strong><\/div>\n<div>Fate girare la notizia affinch\u00e9 questa opportunit\u00e0 possa essere colta da molti\u2026.<\/div>\n<div>\u00a0<\/div>\n<div>Auguro a voi e alle vostre famiglie una santa Pasqua.<\/div>\n<div>\u00a0<\/div>\n<div>Il Direttore<\/div>\n<div>dott. Giovanni Dalla Torre<\/div>\n","protected":false},"excerpt":{"rendered":"<p>\u00a0Sollecitati dalle molteplici situazioni che viviamo nel lavorare per e accanto ai giovani, in collaborazione con l\u2019Ufficio Catechistico, abbiamo invitato a parlare agli insegnanti di religione, ai catechisti e a quanti si occupano di educazione a vari livelli, don Armando Matteo autore del libro La prima generazione incredula. Il difficile rapporto tra i giovani e la fede. Perch\u00e9 il messaggio di felicit\u00e0 che Ges\u00f9 ha &hellip; <a href=\"https:\/\/diocesi.concordia-pordenone.it\/scuola\/auguri-di-pasqua-2012-e-incontro-con-don-armando-matteo\/\" class=\"more-link\">Continue reading <span class=\"screen-reader-text\"><\/span> <span class=\"meta-nav\">&raquo;<\/span><\/a><\/p>\n","protected":false},"author":0,"featured_media":35,"comment_status":"closed","ping_status":"closed","sticky":false,"template":"","format":"standard","meta":{"_acf_changed":false,"footnotes":""},"categories":[3],"tags":[],"class_list":["post-34","post","type-post","status-publish","format-standard","has-post-thumbnail","hentry","category-news"],"acf":[],"_links":{"self":[{"href":"https:\/\/diocesi.concordia-pordenone.it\/scuola\/wp-json\/wp\/v2\/posts\/34","targetHints":{"allow":["GET"]}}],"collection":[{"href":"https:\/\/diocesi.concordia-pordenone.it\/scuola\/wp-json\/wp\/v2\/posts"}],"about":[{"href":"https:\/\/diocesi.concordia-pordenone.it\/scuola\/wp-json\/wp\/v2\/types\/post"}],"author":[{"embeddable":true,"href":"https:\/\/diocesi.concordia-pordenone.it\/scuola\/wp-json\/wp\/v2\/users\/1"}],"replies":[{"embeddable":true,"href":"https:\/\/diocesi.concordia-pordenone.it\/scuola\/wp-json\/wp\/v2\/comments?post=34"}],"version-history":[{"count":0,"href":"https:\/\/diocesi.concordia-pordenone.it\/scuola\/wp-json\/wp\/v2\/posts\/34\/revisions"}],"wp:featuredmedia":[{"embeddable":true,"href":"https:\/\/diocesi.concordia-pordenone.it\/scuola\/wp-json\/wp\/v2\/media\/35"}],"wp:attachment":[{"href":"https:\/\/diocesi.concordia-pordenone.it\/scuola\/wp-json\/wp\/v2\/media?parent=34"}],"wp:term":[{"taxonomy":"category","embeddable":true,"href":"https:\/\/diocesi.concordia-pordenone.it\/scuola\/wp-json\/wp\/v2\/categories?post=34"},{"taxonomy":"post_tag","embeddable":true,"href":"https:\/\/diocesi.concordia-pordenone.it\/scuola\/wp-json\/wp\/v2\/tags?post=34"}],"curies":[{"name":"wp","href":"https:\/\/api.w.org\/{rel}","templated":true}]}}