{"id":359,"date":"2019-10-01T17:56:00","date_gmt":"2019-10-01T15:56:00","guid":{"rendered":"https:\/\/diocesi.concordia-pordenone.it\/scuola\/lo-scrigno-della-vita\/"},"modified":"2019-10-01T17:56:00","modified_gmt":"2019-10-01T15:56:00","slug":"lo-scrigno-della-vita","status":"publish","type":"post","link":"https:\/\/diocesi.concordia-pordenone.it\/scuola\/lo-scrigno-della-vita\/","title":{"rendered":"Lo scrigno della vita"},"content":{"rendered":"<div><b>Lo Scrigno della vita<\/b> \u00e8 la proposta di un <b>incontro mensile di preghiera rivolto a giovani<\/b> (dalla 3a superiore in su), che alterna lettura e meditazione della Parola di Dio ad Adorazione, canti e preghiere comunitarie, con la possibilit\u00e0 di confessarsi.<\/div>\n<p>  <b>Il primo incontro \u00e8 previsto per venerd\u00ec 11 ottobre (in allegato tutti gli appuntamenti), dalle 20.30 fino alle 22.15 in Seminario e si conclude con un momento di convivialit\u00e0.<\/b>  \u00a0  Invito i docenti della secondaria di secondo grado a promuovere l\u2019iniziativa ai ragazzi che incontrate a scuola, e invito tutti i docenti a diffondere l\u2019iniziativa anche in parrocchia, tra i giovani, i gruppi e le associazioni che conoscete ed incontrate.  \u00a0  <\/p>\n<div><i>dott. Giovanni Dalla Torre, direttore<\/i><\/div>\n","protected":false},"excerpt":{"rendered":"<p>Lo Scrigno della vita \u00e8 la proposta di un incontro mensile di preghiera rivolto a giovani (dalla 3a superiore in su), che alterna lettura e meditazione della Parola di Dio ad Adorazione, canti e preghiere comunitarie, con la possibilit\u00e0 di confessarsi. Il primo incontro \u00e8 previsto per venerd\u00ec 11 ottobre (in allegato tutti gli appuntamenti), dalle 20.30 fino alle 22.15 in Seminario e si conclude &hellip; <a href=\"https:\/\/diocesi.concordia-pordenone.it\/scuola\/lo-scrigno-della-vita\/\" class=\"more-link\">Continue reading <span class=\"screen-reader-text\"><\/span> <span class=\"meta-nav\">&raquo;<\/span><\/a><\/p>\n","protected":false},"author":0,"featured_media":360,"comment_status":"closed","ping_status":"closed","sticky":false,"template":"","format":"standard","meta":{"_acf_changed":false,"footnotes":""},"categories":[4],"tags":[],"class_list":["post-359","post","type-post","status-publish","format-standard","has-post-thumbnail","hentry","category-le-buone-pratiche"],"acf":[],"_links":{"self":[{"href":"https:\/\/diocesi.concordia-pordenone.it\/scuola\/wp-json\/wp\/v2\/posts\/359","targetHints":{"allow":["GET"]}}],"collection":[{"href":"https:\/\/diocesi.concordia-pordenone.it\/scuola\/wp-json\/wp\/v2\/posts"}],"about":[{"href":"https:\/\/diocesi.concordia-pordenone.it\/scuola\/wp-json\/wp\/v2\/types\/post"}],"author":[{"embeddable":true,"href":"https:\/\/diocesi.concordia-pordenone.it\/scuola\/wp-json\/wp\/v2\/users\/1"}],"replies":[{"embeddable":true,"href":"https:\/\/diocesi.concordia-pordenone.it\/scuola\/wp-json\/wp\/v2\/comments?post=359"}],"version-history":[{"count":0,"href":"https:\/\/diocesi.concordia-pordenone.it\/scuola\/wp-json\/wp\/v2\/posts\/359\/revisions"}],"wp:featuredmedia":[{"embeddable":true,"href":"https:\/\/diocesi.concordia-pordenone.it\/scuola\/wp-json\/wp\/v2\/media\/360"}],"wp:attachment":[{"href":"https:\/\/diocesi.concordia-pordenone.it\/scuola\/wp-json\/wp\/v2\/media?parent=359"}],"wp:term":[{"taxonomy":"category","embeddable":true,"href":"https:\/\/diocesi.concordia-pordenone.it\/scuola\/wp-json\/wp\/v2\/categories?post=359"},{"taxonomy":"post_tag","embeddable":true,"href":"https:\/\/diocesi.concordia-pordenone.it\/scuola\/wp-json\/wp\/v2\/tags?post=359"}],"curies":[{"name":"wp","href":"https:\/\/api.w.org\/{rel}","templated":true}]}}