{"id":36,"date":"2012-04-30T13:08:00","date_gmt":"2012-04-30T11:08:00","guid":{"rendered":"https:\/\/diocesi.concordia-pordenone.it\/scuola\/media-e-minori-edicazione-alla-prova\/"},"modified":"2012-04-30T13:08:00","modified_gmt":"2012-04-30T11:08:00","slug":"media-e-minori-edicazione-alla-prova","status":"publish","type":"post","link":"https:\/\/diocesi.concordia-pordenone.it\/scuola\/media-e-minori-edicazione-alla-prova\/","title":{"rendered":"Media e minori: edicazione alla prova"},"content":{"rendered":"<div>Viviamo un tempo in cui preoccupazioni e speranze s\u2019intrecciano guardando i nativi digitali, i bambini e i ragazzi che trascorrono gran parte delle loro giornate in compagnia delle nuove tecnologie. Le preoccupazioni sono per l\u2019irruzione prepotente dei nuovi media in una stagione decisiva e delicata per la formazione della coscienza. Le speranze sono riferite al contributo che le nuove tecnologie, se bene utilizzate, possono offrire alla crescita relazionale, culturale, etica e spirituale delle nuove generazioni. <br >Come ben sperimentiamo nel nostro essere educatori, la proposta educativa si misura quotidianamente con una complessit\u00e0 che ci interroga e spesso disorienta. Come rispondere in positivo? Come aiutare genitori, insegnanti, educatori delle associazioni, catechisti a non arrendersi a una cos\u00ec potente forza educativa (o diseducativa)?<\/p>\n<p>Per cercare insieme di dare risposta concreta a questi interrogativi la Pastorale Giovanile, il Servizio Diocesi in Rete, l&#8217;Ufficio Catechistico e l&#8217;Ufficio Scuola diocesani hanno raccolto la proposta del \u201cLaboratorio animatori cultura e comunicazione\u201d del Copercom (Coordinamento delle associazioni per la comunicazione al quale aderiscono 29 sigle associative) relativa a cinque incontri sul tema &#8220;Media e minori: educazione alla prova&#8221;. <br >Si comincia il <strong>2 maggio <\/strong>con Franco Mugerli, presidente del Comitato Media e minori, e Domenico Delle Foglie, presidente del Copercom, che parleranno di \u201cMedia e minori: quale tutela per quali diritti?\u201d. La settimana seguente, mercoled\u00ec <strong>9 maggio<\/strong>, interverr\u00e0 <strong>don Fortunato Di Noto<\/strong>, presidente dell\u2019associazione Meter, che spiegher\u00e0 come prevenire e affrontare i rischi del web. Il <strong>16 maggio<\/strong>, invece, l\u2019attenzione sar\u00e0 rivolta al \u201cpositivo\u201d che c\u2019\u00e8 nella rete, attraverso la presentazione di alcune buone prassi di famiglie, associazioni, scuole e cos\u00ec via. Un occhio al futuro, al \u201ccittadino digitale\u201d, verr\u00e0 rivolto mercoled\u00ec <strong>23 maggio <\/strong>da Elisa Manna, responsabile del settore politiche culturali del Censis. Infine, il <strong>30<\/strong>, in studio ci sar\u00e0 <strong>don Giacomo Ruggeri<\/strong>, esperto di catechesi e media, che interverr\u00e0 su cosa cambia con le nuove tecnologie nell\u2019educazione alla fede, anche alla luce di una recente ricerca dei Webmaster cattolici (Weca). <\/p>\n<p><strong>Tutti gli incontri si terranno alla Casa Madonna Pellegrina (stanza 202) a Pordenone dalle ore 20.45 alle ore 22.15<\/strong> con la formula della videoconferenza. Il relatore si trover\u00e0 negli studi del Copercom collegati via webcam con noi. \u00c9 garantita la presenza di un tutor che promuover\u00e0 la discussione tra i presenti e l&#8217;interattivit\u00e0 con lo stesso relatore attraverso chat\/mail.<\/p>\n<p><strong>Gli incontri sono aperti a tutti. <\/strong><\/div>\n","protected":false},"excerpt":{"rendered":"<p>Pastorale Giovanile, Servizio Diocesi in Rete, Ufficio Catechistico e Ufficio Scuola diocesani hanno raccolto la proposta del \u201cLaboratorio animatori cultura e comunicazione\u201d del Copercom relativa a cinque incontri sul tema &#8220;Media e minori: educazione alla prova&#8221;. E&#8217; un&#8217;occasione da non perdere per arricchirsi confrontandosi con altri educatori e per crescere insieme come educatori dei nuovi &#8220;nativi digitali&#8221;. Il primo appuntamento \u00e8 mercoled\u00ec 2 maggio alle ore 20.45 presso la Casa Madonna Pellegrina a Pordenone.<\/p>\n","protected":false},"author":0,"featured_media":37,"comment_status":"closed","ping_status":"closed","sticky":false,"template":"","format":"standard","meta":{"_acf_changed":false,"footnotes":""},"categories":[3],"tags":[],"class_list":["post-36","post","type-post","status-publish","format-standard","has-post-thumbnail","hentry","category-news"],"acf":[],"_links":{"self":[{"href":"https:\/\/diocesi.concordia-pordenone.it\/scuola\/wp-json\/wp\/v2\/posts\/36","targetHints":{"allow":["GET"]}}],"collection":[{"href":"https:\/\/diocesi.concordia-pordenone.it\/scuola\/wp-json\/wp\/v2\/posts"}],"about":[{"href":"https:\/\/diocesi.concordia-pordenone.it\/scuola\/wp-json\/wp\/v2\/types\/post"}],"author":[{"embeddable":true,"href":"https:\/\/diocesi.concordia-pordenone.it\/scuola\/wp-json\/wp\/v2\/users\/1"}],"replies":[{"embeddable":true,"href":"https:\/\/diocesi.concordia-pordenone.it\/scuola\/wp-json\/wp\/v2\/comments?post=36"}],"version-history":[{"count":0,"href":"https:\/\/diocesi.concordia-pordenone.it\/scuola\/wp-json\/wp\/v2\/posts\/36\/revisions"}],"wp:featuredmedia":[{"embeddable":true,"href":"https:\/\/diocesi.concordia-pordenone.it\/scuola\/wp-json\/wp\/v2\/media\/37"}],"wp:attachment":[{"href":"https:\/\/diocesi.concordia-pordenone.it\/scuola\/wp-json\/wp\/v2\/media?parent=36"}],"wp:term":[{"taxonomy":"category","embeddable":true,"href":"https:\/\/diocesi.concordia-pordenone.it\/scuola\/wp-json\/wp\/v2\/categories?post=36"},{"taxonomy":"post_tag","embeddable":true,"href":"https:\/\/diocesi.concordia-pordenone.it\/scuola\/wp-json\/wp\/v2\/tags?post=36"}],"curies":[{"name":"wp","href":"https:\/\/api.w.org\/{rel}","templated":true}]}}