{"id":361,"date":"2019-10-01T17:58:00","date_gmt":"2019-10-01T15:58:00","guid":{"rendered":"https:\/\/diocesi.concordia-pordenone.it\/scuola\/incontri\/"},"modified":"2019-10-01T17:58:00","modified_gmt":"2019-10-01T15:58:00","slug":"incontri","status":"publish","type":"post","link":"https:\/\/diocesi.concordia-pordenone.it\/scuola\/incontri\/","title":{"rendered":"Incontri"},"content":{"rendered":"<div>Carissimi,<\/div>\n<p>gi\u00e0 annunciati, faccio qui memoria di due importanti appuntamenti a cui auspico larga partecipazione.  \u00a0    <i>John Henry      Newman. Un santo per il mondo post-cristiano<\/i>, <b>gioved\u00ec 3 ottobre      2019, alle ore 18.00, presso l\u2019Auditorium del Seminario Diocesano di      Concordia-Pordenone<\/b>. Saranno presenti il prof. Padre Roderick Strange,      uno dei suoi pi\u00f9 stimati biografi, e il prof. Michele Marchetto (Iusve),      fra i suoi maggiori studiosi italiani; a moderare il confronto il dott.      Samuele Busetto, Ph.D. presso l\u2019Universit\u00e0 Cattolica del Sacro Cuore di      Milano con una tesi sul suo pensiero.\u00a0   \u00a0    A seguito del      Viaggio apostolico di Sua Santit\u00e0 Francesco negli Emirati Arabi Uniti, \u00e8      stato redatto un documento sulla Fratellanza Umana per la Pace Mondiale e      la Convivenza Comune, a firma del Papa e del Grande Imam di Al-Azhar Ahmad      Al-Tayyeb. La Commissione per l\u2019Ecumenismo ed il dialogo interreligioso,      insieme a Caritas diocesana, Pastorale sociale e del lavoro, giustizia e      pace, custodia del creato, Commissione Migrantes, Ufficio Missionario e la      Caritas della Forania di Pordenone, organizza un evento che ha lo scopo di      dare la massima diffusione al documento, per la sua grande importanza nel      percorso di dialogo interreligioso. La tavola rotonda tra Stefania      Falasca, giornalista vaticanista ed editorialista dell\u2019Avvenire, e l\u2019Imam      di Bologna Yassine Lafram, presidente dell\u2019U.CO.I.I. (Unione delle      Comunit\u00e0 Islamiche in Italia) avr\u00e0 come moderatore mons. Giosu\u00e8 Tosoni,      docente di Teologia del dialogo interconfessionale e religioso, si terr\u00e0 <b>VENERD\u00cc      4 OTTOBRE 2019, alle ore 20.30 nella Sala Convegni del Palazzo Montereale      Mantica (Corso Vittorio Emanuele &#8211; PN)<\/b>   \u00a0  <i>dott. Giovanni Dalla Torre, direttore<\/i><\/p>\n","protected":false},"excerpt":{"rendered":"<p>Carissimi, gi\u00e0 annunciati, faccio qui memoria di due importanti appuntamenti a cui auspico larga partecipazione. \u00a0 John Henry Newman. Un santo per il mondo post-cristiano, gioved\u00ec 3 ottobre 2019, alle ore 18.00, presso l\u2019Auditorium del Seminario Diocesano di Concordia-Pordenone. Saranno presenti il prof. Padre Roderick Strange, uno dei suoi pi\u00f9 stimati biografi, e il prof. Michele Marchetto (Iusve), fra i suoi maggiori studiosi italiani; a &hellip; <a href=\"https:\/\/diocesi.concordia-pordenone.it\/scuola\/incontri\/\" class=\"more-link\">Continue reading <span class=\"screen-reader-text\"><\/span> <span class=\"meta-nav\">&raquo;<\/span><\/a><\/p>\n","protected":false},"author":0,"featured_media":0,"comment_status":"closed","ping_status":"closed","sticky":false,"template":"","format":"standard","meta":{"_acf_changed":false,"footnotes":""},"categories":[4],"tags":[],"class_list":["post-361","post","type-post","status-publish","format-standard","hentry","category-le-buone-pratiche"],"acf":[],"_links":{"self":[{"href":"https:\/\/diocesi.concordia-pordenone.it\/scuola\/wp-json\/wp\/v2\/posts\/361","targetHints":{"allow":["GET"]}}],"collection":[{"href":"https:\/\/diocesi.concordia-pordenone.it\/scuola\/wp-json\/wp\/v2\/posts"}],"about":[{"href":"https:\/\/diocesi.concordia-pordenone.it\/scuola\/wp-json\/wp\/v2\/types\/post"}],"author":[{"embeddable":true,"href":"https:\/\/diocesi.concordia-pordenone.it\/scuola\/wp-json\/wp\/v2\/users\/1"}],"replies":[{"embeddable":true,"href":"https:\/\/diocesi.concordia-pordenone.it\/scuola\/wp-json\/wp\/v2\/comments?post=361"}],"version-history":[{"count":0,"href":"https:\/\/diocesi.concordia-pordenone.it\/scuola\/wp-json\/wp\/v2\/posts\/361\/revisions"}],"wp:attachment":[{"href":"https:\/\/diocesi.concordia-pordenone.it\/scuola\/wp-json\/wp\/v2\/media?parent=361"}],"wp:term":[{"taxonomy":"category","embeddable":true,"href":"https:\/\/diocesi.concordia-pordenone.it\/scuola\/wp-json\/wp\/v2\/categories?post=361"},{"taxonomy":"post_tag","embeddable":true,"href":"https:\/\/diocesi.concordia-pordenone.it\/scuola\/wp-json\/wp\/v2\/tags?post=361"}],"curies":[{"name":"wp","href":"https:\/\/api.w.org\/{rel}","templated":true}]}}