{"id":378,"date":"2011-01-21T19:25:00","date_gmt":"2011-01-21T18:25:00","guid":{"rendered":"https:\/\/diocesi.concordia-pordenone.it\/scuola\/la-professionalita-dellidr-competenza-pedagogico-didattica\/"},"modified":"2011-01-21T19:25:00","modified_gmt":"2011-01-21T18:25:00","slug":"la-professionalita-dellidr-competenza-pedagogico-didattica","status":"publish","type":"post","link":"https:\/\/diocesi.concordia-pordenone.it\/scuola\/la-professionalita-dellidr-competenza-pedagogico-didattica\/","title":{"rendered":"La professionalit\u00e0 dell&#8217;IdR: competenza pedagogico-didattica"},"content":{"rendered":"<div>Interrogarsi sull\u2019identit\u00e0 dell\u2019IdR dal punto di vista pedagogico\u2013didattico assume particolare importanza in questo momento storico, in cui la crisi del \u201cprestigio socio\u2013culturale\u201d della figura dell\u2019insegnante si unisce alle problematiche di una societ\u00e0 in trasformazione, come la nostra, che in particolare ai docenti di religione rivolge molteplici richieste in ordine alla formazione e all\u00b4istruzione, ma anche all\u00b4educazione e all\u00b4orientamento degli studenti. Riflettere sull\u00b4identit\u00e0, oltre che sugli aspetti strumentali della professione, \u00e8 una risorsa strategica del docente poich\u00e9 solo un\u00b4identit\u00e0 forte e ben strutturata&#8230;..<\/div>\n","protected":false},"excerpt":{"rendered":"<p>Interrogarsi sull\u2019identit\u00e0 dell\u2019IdR dal punto di vista pedagogico\u2013didattico assume particolare importanza in questo momento storico, in cui la crisi del \u201cprestigio socio\u2013culturale\u201d della figura dell\u2019insegnante si unisce alle problematiche di una societ\u00e0 in trasformazione, come la nostra, che in particolare ai docenti di religione rivolge molteplici richieste in ordine alla formazione e all\u00b4istruzione, ma anche all\u00b4educazione e all\u00b4orientamento degli studenti. Riflettere sull\u00b4identit\u00e0, oltre che sugli &hellip; <a href=\"https:\/\/diocesi.concordia-pordenone.it\/scuola\/la-professionalita-dellidr-competenza-pedagogico-didattica\/\" class=\"more-link\">Continue reading <span class=\"screen-reader-text\"><\/span> <span class=\"meta-nav\">&raquo;<\/span><\/a><\/p>\n","protected":false},"author":0,"featured_media":0,"comment_status":"closed","ping_status":"closed","sticky":false,"template":"","format":"standard","meta":{"_acf_changed":false,"footnotes":""},"categories":[5],"tags":[],"class_list":["post-378","post","type-post","status-publish","format-standard","hentry","category-dal-servizio-nazionale-irc"],"acf":[],"_links":{"self":[{"href":"https:\/\/diocesi.concordia-pordenone.it\/scuola\/wp-json\/wp\/v2\/posts\/378","targetHints":{"allow":["GET"]}}],"collection":[{"href":"https:\/\/diocesi.concordia-pordenone.it\/scuola\/wp-json\/wp\/v2\/posts"}],"about":[{"href":"https:\/\/diocesi.concordia-pordenone.it\/scuola\/wp-json\/wp\/v2\/types\/post"}],"author":[{"embeddable":true,"href":"https:\/\/diocesi.concordia-pordenone.it\/scuola\/wp-json\/wp\/v2\/users\/1"}],"replies":[{"embeddable":true,"href":"https:\/\/diocesi.concordia-pordenone.it\/scuola\/wp-json\/wp\/v2\/comments?post=378"}],"version-history":[{"count":0,"href":"https:\/\/diocesi.concordia-pordenone.it\/scuola\/wp-json\/wp\/v2\/posts\/378\/revisions"}],"wp:attachment":[{"href":"https:\/\/diocesi.concordia-pordenone.it\/scuola\/wp-json\/wp\/v2\/media?parent=378"}],"wp:term":[{"taxonomy":"category","embeddable":true,"href":"https:\/\/diocesi.concordia-pordenone.it\/scuola\/wp-json\/wp\/v2\/categories?post=378"},{"taxonomy":"post_tag","embeddable":true,"href":"https:\/\/diocesi.concordia-pordenone.it\/scuola\/wp-json\/wp\/v2\/tags?post=378"}],"curies":[{"name":"wp","href":"https:\/\/api.w.org\/{rel}","templated":true}]}}