{"id":380,"date":"2011-01-26T08:16:00","date_gmt":"2011-01-26T07:16:00","guid":{"rendered":"https:\/\/diocesi.concordia-pordenone.it\/scuola\/concorso-nazionale-eucarestia-e-vita\/"},"modified":"2011-01-26T08:16:00","modified_gmt":"2011-01-26T07:16:00","slug":"concorso-nazionale-eucarestia-e-vita","status":"publish","type":"post","link":"https:\/\/diocesi.concordia-pordenone.it\/scuola\/concorso-nazionale-eucarestia-e-vita\/","title":{"rendered":"CONCORSO NAZIONALE EUCARESTIA E VITA"},"content":{"rendered":"<p>\u00a0In occasione del XXV Congresso Eucaristico Nazionale, che si terr\u00e0 ad Ancona dal 3 all\u201911 settembre 2011,\u00e8 stato bandito un Concorso scolastico nazionale per studenti delle scuole di ogni ordine e grado. Il Concorso \u00e8 promosso dal Comitato Organizzativo del Congresso Eucaristico Nazionale della Conferenza Episcopale Italiana ed \u00e8 patrocinato dal Ministero dell\u2019Istruzione dell\u2019Universit\u00e0 e della Ricerca. Di seguito un estratto del bando, scaricabile in allegato.\u00a0\u00a0Soggetto promotore \u00a0 Il concorso \u00e8 promosso dal Comitato organizzativo del Congresso Eucaristico Nazionale della Conferenza Episcopale Italiana. La gestione organizzativa \u00e8 affidata all\u2019UNESU della CEI che si avvarr\u00e0 della collaborazione del Servizio Nazionale IRC della CEI. \u00a0 Partecipanti \u00a0 Al concorso potranno partecipare gli alunni e studenti delle scuole d\u2019Italia di tutti gli ordini e gradi, nella forma del gruppo classe, accompagnati da un docente referente che supporter\u00e0 lo svolgimento delle attivit\u00e0 educativo-didattiche. \u00a0 Periodo \u00a0 Il concorso si svolger\u00e0 durante l\u2019anno scolastico 2010\/2011. Sar\u00e0 avviato a settembre 2010, prevede un termine di presentazione dei prodotti conclusivi ad aprile 2011 e si conclude con la giornata di premiazione a settembre 2011. \u00a0 Finalit\u00e0 \u00a0 Il concorso intende favorire percorsi di elaborazione sul tema \u201cEucarestia e Vita. La meraviglia del quotidiano\u201d. Il mistero eucaristico offre un contributo alla comprensione di varie dimensioni della vita umana (affettivit\u00e0, fragilit\u00e0, lavoro e festa, tradizione, cittadinanza). I percorsi saranno strutturati in rapporto alle finalit\u00e0 culturali scolastiche e secondo la specificit\u00e0 del tipo e grado di scuola, valorizzando lo spirito di ricerca e la creativit\u00e0 espresse in opere letterarie, multimediali e artistiche di vario genere.\u00a0\u00a0<\/p>\n","protected":false},"excerpt":{"rendered":"<p>\u00a0In occasione del XXV Congresso Eucaristico Nazionale, che si terr\u00e0 ad Ancona dal 3 all\u201911 settembre 2011,\u00e8 stato bandito un Concorso scolastico nazionale per studenti delle scuole di ogni ordine e grado. Il Concorso \u00e8 promosso dal Comitato Organizzativo del Congresso Eucaristico Nazionale della Conferenza Episcopale Italiana ed \u00e8 patrocinato dal Ministero dell\u2019Istruzione dell\u2019Universit\u00e0 e della Ricerca. Di seguito un estratto del bando, scaricabile in &hellip; <a href=\"https:\/\/diocesi.concordia-pordenone.it\/scuola\/concorso-nazionale-eucarestia-e-vita\/\" class=\"more-link\">Continue reading <span class=\"screen-reader-text\"><\/span> <span class=\"meta-nav\">&raquo;<\/span><\/a><\/p>\n","protected":false},"author":0,"featured_media":0,"comment_status":"closed","ping_status":"closed","sticky":false,"template":"","format":"standard","meta":{"_acf_changed":false,"footnotes":""},"categories":[5],"tags":[],"class_list":["post-380","post","type-post","status-publish","format-standard","hentry","category-dal-servizio-nazionale-irc"],"acf":[],"_links":{"self":[{"href":"https:\/\/diocesi.concordia-pordenone.it\/scuola\/wp-json\/wp\/v2\/posts\/380","targetHints":{"allow":["GET"]}}],"collection":[{"href":"https:\/\/diocesi.concordia-pordenone.it\/scuola\/wp-json\/wp\/v2\/posts"}],"about":[{"href":"https:\/\/diocesi.concordia-pordenone.it\/scuola\/wp-json\/wp\/v2\/types\/post"}],"author":[{"embeddable":true,"href":"https:\/\/diocesi.concordia-pordenone.it\/scuola\/wp-json\/wp\/v2\/users\/1"}],"replies":[{"embeddable":true,"href":"https:\/\/diocesi.concordia-pordenone.it\/scuola\/wp-json\/wp\/v2\/comments?post=380"}],"version-history":[{"count":0,"href":"https:\/\/diocesi.concordia-pordenone.it\/scuola\/wp-json\/wp\/v2\/posts\/380\/revisions"}],"wp:attachment":[{"href":"https:\/\/diocesi.concordia-pordenone.it\/scuola\/wp-json\/wp\/v2\/media?parent=380"}],"wp:term":[{"taxonomy":"category","embeddable":true,"href":"https:\/\/diocesi.concordia-pordenone.it\/scuola\/wp-json\/wp\/v2\/categories?post=380"},{"taxonomy":"post_tag","embeddable":true,"href":"https:\/\/diocesi.concordia-pordenone.it\/scuola\/wp-json\/wp\/v2\/tags?post=380"}],"curies":[{"name":"wp","href":"https:\/\/api.w.org\/{rel}","templated":true}]}}