{"id":383,"date":"2013-01-30T14:01:00","date_gmt":"2013-01-30T13:01:00","guid":{"rendered":"https:\/\/diocesi.concordia-pordenone.it\/scuola\/messaggio-della-presidenza-della-cei-per-lanno-2013-2014-sulla-scelta-di-avvalersi-dellirc\/"},"modified":"2013-01-30T14:01:00","modified_gmt":"2013-01-30T13:01:00","slug":"messaggio-della-presidenza-della-cei-per-lanno-2013-2014-sulla-scelta-di-avvalersi-dellirc","status":"publish","type":"post","link":"https:\/\/diocesi.concordia-pordenone.it\/scuola\/messaggio-della-presidenza-della-cei-per-lanno-2013-2014-sulla-scelta-di-avvalersi-dellirc\/","title":{"rendered":"Messaggio della Presidenza della CEI per l&#8217;anno 2013-2014 sulla scelta di avvalersi dell&#8217;IRC"},"content":{"rendered":"<div>\u00a0Cari studenti e genitori,\u00a0<\/div>\n<div>\u00a0<\/div>\n<div>nelle prossime settimane sarete chiamati a esprimervi sulla scelta di avvalersi dell\u2019Insegnamento della religione cattolica (Irc).\u00a0<\/div>\n<div>L\u2019appuntamento si colloca in un tempo di crisi che investe la vita di tutti. Anche la scuola e i contesti educativi, come la famiglia e la comunit\u00e0 ecclesiale, sono immersi nella medesima congiuntura. Noi Vescovi italiani, insieme e sotto la guida di Benedetto XVI, animati dallo Spirito Santo che abita e vivifica ogni tempo, vogliamo ribadire con convinzione che la \u00absperanza non delude\u00bb (Rm 5,5).\u00a0<\/div>\n<div>Sono proprio i giovani \u2013 ricorda a tutti il Santo Padre \u2013 che \u00abcon il loro entusiasmo e la loro spinta ideale, possono offrire una nuova speranza al mondo\u2026 Essere attenti al mondo giovanile, saperlo ascoltare e valorizzare, non \u00e8 solamente un\u2019opportunit\u00e0, ma un dovere primario di tutta la societ\u00e0, per la costruzione di un futuro di giustizia e di pace. Si tratta di comunicare ai giovani l\u2019apprezzamento per il valore positivo della vita, suscitando in essi il desiderio di spenderla al servizio del Bene\u00bb (BENEDETTO XVI, Messaggio per la XLV Giornata Mondiale della Pace, 8 dicembre 2011).\u00a0<\/div>\n<div>Noi Vescovi vogliamo anzitutto ascoltare le domande che vi sorgono dal cuore e dalla mente e insieme con voi operare per il bene di tutti. Lo abbiamo fatto nel redigere le nuove indicazioni per l\u2019Irc nella scuola dell\u2019infanzia, del primo e del secondo ciclo, con l\u2019impegno di sostenere una scuola a servizio della persona. Siamo persuasi, infatti, che la scuola sar\u00e0 se stessa se porter\u00e0 le nuove generazioni ad appropriarsi consapevolmente e creativamente della propria tradizione. L\u2019Irc, oggi come in passato, aiuter\u00e0 la scuola nel suo compito formativo e culturale facendo emergere, \u201cnegli\u201d e \u201cdagli\u201d alunni, gli interrogativi radicali sulla vita, sul rapporto tra l\u2019uomo e la donna, sulla nascita, sul lavoro, sulla sofferenza, sulla morte, sull\u2019amore, su tutto ci\u00f2 che \u00e8 proprio della condizione umana. I giovani domandano di essere felici e chiedono di coltivare sogni autentici. L\u2019Irc a scuola \u00e8 in grado di accompagnare lo sviluppo di un progetto di vita, ispirato dalle grandi domande di senso e aperto alla ricerca della verit\u00e0 e alla felicit\u00e0, perch\u00e9 si misura con l\u2019esperienza religiosa nella sua forma cristiana propria della cultura del nostro Paese.\u00a0<\/div>\n<div>Cari genitori, studenti e docenti, ci rivolgiamo a voi consapevoli che l\u2019Irc \u00e8 un\u2019opportunit\u00e0 preziosa nel cammino formativo, dalla scuola dell\u2019infanzia fino ai differenti percorsi del secondo ciclo e della formazione professionale, perch\u00e9 siamo convinti che si pu\u00f2 trarre vera ampiezza e ricchezza culturale ed educativa da una corretta visione del patrimonio cristiano-cattolico e del suo peculiare contributo al cammino dell\u2019umanit\u00e0.\u00a0<\/div>\n<div>Riteniamo nostro dovere di Pastori ricordare, a tutti coloro che sono impegnati nel mondo della scuola, le parole del Papa per questo Anno della fede: \u00abCi\u00f2 di cui il mondo oggi ha particolarmente bisogno \u00e8 la testimonianza credibile di quanti, illuminati nella mente e nel cuore dalla Parola del Signore, sono capaci di aprire il cuore e la mente di tanti al desiderio di Dio e della vita vera, quella che non ha fine\u00bb (BENEDETTO XVI, Porta fidei, n. 15).\u00a0<\/div>\n<div>\u00a0<\/div>\n<div>Roma, 26 novembre 2012<\/div>\n<div>\u00a0<\/div>\n<div>PRESIDENZA DELLA CEI<\/div>\n","protected":false},"excerpt":{"rendered":"<p>\u00a0Cari studenti e genitori,\u00a0 \u00a0 nelle prossime settimane sarete chiamati a esprimervi sulla scelta di avvalersi dell\u2019Insegnamento della religione cattolica (Irc).\u00a0 L\u2019appuntamento si colloca in un tempo di crisi che investe la vita di tutti. Anche la scuola e i contesti educativi, come la famiglia e la comunit\u00e0 ecclesiale, sono immersi nella medesima congiuntura. Noi Vescovi italiani, insieme e sotto la guida di Benedetto XVI, &hellip; <a href=\"https:\/\/diocesi.concordia-pordenone.it\/scuola\/messaggio-della-presidenza-della-cei-per-lanno-2013-2014-sulla-scelta-di-avvalersi-dellirc\/\" class=\"more-link\">Continue reading <span class=\"screen-reader-text\"><\/span> <span class=\"meta-nav\">&raquo;<\/span><\/a><\/p>\n","protected":false},"author":0,"featured_media":0,"comment_status":"closed","ping_status":"closed","sticky":false,"template":"","format":"standard","meta":{"_acf_changed":false,"footnotes":""},"categories":[5],"tags":[],"class_list":["post-383","post","type-post","status-publish","format-standard","hentry","category-dal-servizio-nazionale-irc"],"acf":[],"_links":{"self":[{"href":"https:\/\/diocesi.concordia-pordenone.it\/scuola\/wp-json\/wp\/v2\/posts\/383","targetHints":{"allow":["GET"]}}],"collection":[{"href":"https:\/\/diocesi.concordia-pordenone.it\/scuola\/wp-json\/wp\/v2\/posts"}],"about":[{"href":"https:\/\/diocesi.concordia-pordenone.it\/scuola\/wp-json\/wp\/v2\/types\/post"}],"author":[{"embeddable":true,"href":"https:\/\/diocesi.concordia-pordenone.it\/scuola\/wp-json\/wp\/v2\/users\/1"}],"replies":[{"embeddable":true,"href":"https:\/\/diocesi.concordia-pordenone.it\/scuola\/wp-json\/wp\/v2\/comments?post=383"}],"version-history":[{"count":0,"href":"https:\/\/diocesi.concordia-pordenone.it\/scuola\/wp-json\/wp\/v2\/posts\/383\/revisions"}],"wp:attachment":[{"href":"https:\/\/diocesi.concordia-pordenone.it\/scuola\/wp-json\/wp\/v2\/media?parent=383"}],"wp:term":[{"taxonomy":"category","embeddable":true,"href":"https:\/\/diocesi.concordia-pordenone.it\/scuola\/wp-json\/wp\/v2\/categories?post=383"},{"taxonomy":"post_tag","embeddable":true,"href":"https:\/\/diocesi.concordia-pordenone.it\/scuola\/wp-json\/wp\/v2\/tags?post=383"}],"curies":[{"name":"wp","href":"https:\/\/api.w.org\/{rel}","templated":true}]}}