{"id":390,"date":"2016-01-28T17:16:00","date_gmt":"2016-01-28T16:16:00","guid":{"rendered":"https:\/\/diocesi.concordia-pordenone.it\/scuola\/messaggio-presidenza-cei-a-s-2016-17\/"},"modified":"2016-01-28T17:16:00","modified_gmt":"2016-01-28T16:16:00","slug":"messaggio-presidenza-cei-a-s-2016-17","status":"publish","type":"post","link":"https:\/\/diocesi.concordia-pordenone.it\/scuola\/messaggio-presidenza-cei-a-s-2016-17\/","title":{"rendered":"Messaggio presidenza CEI a.s. 2016-17"},"content":{"rendered":"<div>Messaggio della Presidenza della Conferenza Episcopale Italiana<br >in vista della scelta di avvalersi dell\u2019insegnamento della religione cattolica<br >nell\u2019anno scolastico 2016-2017<\/p>\n<p><br >Cari studenti e cari genitori,<br >in queste settimane si stanno svolgendo le iscrizioni on-line al primo anno dei percorsi scolastici che avete scelto. <br >Insieme alla scelta della scuola e dell\u2019indirizzo di studio, dovr\u00e0 essere effettuata anche la scelta se avvalersi o non avvalersi dell\u2019insegnamento della religione cattolica. \u00c8 proprio su quest\u2019ultima decisione che richiamiamo la vostra attenzione, perch\u00e9 si tratta di un\u2019occasione formativa importante che vi viene offerta per conoscere le radici cristiane della nostra cultura. <br >Sono ormai trascorsi trent\u2019anni da quando il nuovo insegnamento della religione cattolica, ridefinito istituzionalmente dall\u2019Accordo di revisione del Concordato nel 1984, \u00e8 entrato nelle scuole italiane confermandosi nel tempo come una presenza significativa, condivisa dalla stragrande maggioranza di famiglie e studenti. <br >In questi ultimi anni, questa disciplina scolastica ha continuato a rispondere in maniera adeguata e apprezzata ai grandi cambiamenti culturali e sociali che coinvolgono tutti i territori del nostro bel Paese.<br >Anche quest\u2019anno, perci\u00f2, desideriamo invitarvi a rivolgervi con fiducia a questa importante opportunit\u00e0 educativa che vi viene proposta. <br >I contenuti dell\u2019insegnamento sono stati recentemente aggiornati con specifiche Indicazioni didattiche che cercano di rispondere efficacemente alle domande degli alunni di ogni et\u00e0, dalla scuola dell\u2019infanzia alla secondaria di secondo grado. La domanda religiosa \u00e8 un insopprimibile esigenza della persona umana e l\u2019insegnamento della religione cattolica intende aiutare a impostare nel modo migliore tali domande, nel rispetto pi\u00f9 assoluto della libert\u00e0 di coscienza di ciascuno, che rimane il principale valore da tutelare e promuovere.<br >Migliaia di insegnanti di religione cattolica ogni giorno lavorano con passione e generosit\u00e0 nelle scuole italiane, sia statali che paritarie, sostenuti da un lato dal rigore degli studi compiuti e dall\u2019altro dalla stima dei colleghi e delle famiglie che ad essi affidano i loro figli.<br >In un contesto scolastico in continua evoluzione, l\u2019insegnamento della religione cattolica pu\u00f2 essere un modo eccellente per completare la propria formazione personale e trovare un autorevole punto di riferimento sulle pi\u00f9 delicate questioni di senso, sui problemi del mondo in cui viviamo, sull\u2019interpretazione della realt\u00e0 religiosa sempre pi\u00f9 segnata dal pluralismo e dalla necessit\u00e0 di un confronto aperto, continuo e consapevole delle rispettive posizioni e tradizioni.<br >Per tutti questi motivi, desideriamo rinnovare l\u2019invito ad avvalervi dell\u2019insegnamento della religione cattolica, sicuri che durante queste lezioni potrete trovare docenti e compagni di classe che vi sapranno accompagnare lungo un percorso di crescita umana e culturale molto importante anche per il resto della vostra vita.<\/p>\n<p>Roma, 25 gennaio 2016<br >LA PRESIDENZA<br >DELLA CONFERENZA EPISCOPALE ITALIANA<\/div>\n","protected":false},"excerpt":{"rendered":"<p>Messaggio della Presidenza della Conferenza Episcopale Italianain vista della scelta di avvalersi dell\u2019insegnamento della religione cattolicanell\u2019anno scolastico 2016-2017 Cari studenti e cari genitori,in queste settimane si stanno svolgendo le iscrizioni on-line al primo anno dei percorsi scolastici che avete scelto. Insieme alla scelta della scuola e dell\u2019indirizzo di studio, dovr\u00e0 essere effettuata anche la scelta se avvalersi o non avvalersi dell\u2019insegnamento della religione cattolica. \u00c8 &hellip; <a href=\"https:\/\/diocesi.concordia-pordenone.it\/scuola\/messaggio-presidenza-cei-a-s-2016-17\/\" class=\"more-link\">Continue reading <span class=\"screen-reader-text\"><\/span> <span class=\"meta-nav\">&raquo;<\/span><\/a><\/p>\n","protected":false},"author":0,"featured_media":0,"comment_status":"closed","ping_status":"closed","sticky":false,"template":"","format":"standard","meta":{"_acf_changed":false,"footnotes":""},"categories":[5],"tags":[],"class_list":["post-390","post","type-post","status-publish","format-standard","hentry","category-dal-servizio-nazionale-irc"],"acf":[],"_links":{"self":[{"href":"https:\/\/diocesi.concordia-pordenone.it\/scuola\/wp-json\/wp\/v2\/posts\/390","targetHints":{"allow":["GET"]}}],"collection":[{"href":"https:\/\/diocesi.concordia-pordenone.it\/scuola\/wp-json\/wp\/v2\/posts"}],"about":[{"href":"https:\/\/diocesi.concordia-pordenone.it\/scuola\/wp-json\/wp\/v2\/types\/post"}],"author":[{"embeddable":true,"href":"https:\/\/diocesi.concordia-pordenone.it\/scuola\/wp-json\/wp\/v2\/users\/1"}],"replies":[{"embeddable":true,"href":"https:\/\/diocesi.concordia-pordenone.it\/scuola\/wp-json\/wp\/v2\/comments?post=390"}],"version-history":[{"count":0,"href":"https:\/\/diocesi.concordia-pordenone.it\/scuola\/wp-json\/wp\/v2\/posts\/390\/revisions"}],"wp:attachment":[{"href":"https:\/\/diocesi.concordia-pordenone.it\/scuola\/wp-json\/wp\/v2\/media?parent=390"}],"wp:term":[{"taxonomy":"category","embeddable":true,"href":"https:\/\/diocesi.concordia-pordenone.it\/scuola\/wp-json\/wp\/v2\/categories?post=390"},{"taxonomy":"post_tag","embeddable":true,"href":"https:\/\/diocesi.concordia-pordenone.it\/scuola\/wp-json\/wp\/v2\/tags?post=390"}],"curies":[{"name":"wp","href":"https:\/\/api.w.org\/{rel}","templated":true}]}}