{"id":400,"date":"2021-06-15T17:43:00","date_gmt":"2021-06-15T15:43:00","guid":{"rendered":"https:\/\/diocesi.concordia-pordenone.it\/scuola\/messaggio-dalla-presidenza-delle-cei-per-la-s-2021-22\/"},"modified":"2021-11-01T09:30:23","modified_gmt":"2021-11-01T08:30:23","slug":"messaggio-dalla-presidenza-delle-cei-per-la-s-2021-22","status":"publish","type":"post","link":"https:\/\/diocesi.concordia-pordenone.it\/scuola\/messaggio-dalla-presidenza-delle-cei-per-la-s-2021-22\/","title":{"rendered":"Messaggio dalla presidenza delle CEI per l&#8217;a.s. 2021-22"},"content":{"rendered":"<div>Cari studenti e cari genitori,<\/div>\n<div>che cosa sarebbe l\u2019arte senza la Cappella Sistina di Michelangelo, la poesia senza la Divina commedia di Dante, la musica senza la Passione secondo Matteo di Bach, la letteratura senza i Promessi sposi di Manzoni, l\u2019architettura senza il Duomo di Milano, la filosofia senza Kierkegaard? Cosa sarebbe l\u2019amore senza il Cantico dei cantici, la dignit\u00e0 umana senza le parole di Ges\u00f9 sui poveri nei Vangeli, la felicit\u00e0 senza il Discorso della montagna del Vangelo di Matteo?<\/div>\n<div>Anche quest\u2019anno entro il 25 gennaio siete chiamati a compiere una scelta importante, decidendo se avvalervi o meno dell\u2019insegnamento della religione cattolica a scuola.\u00a0Noi pensiamo che questo insegnamento offra anzitutto alcuni strumenti per rispondere alle domande con cui abbiamo iniziato questo messaggio: consente, infatti, di conoscere<\/div>\n<div>e contestualizzare in un\u2019ottica pi\u00f9 ampia la storia culturale del nostro Paese e del mondo intero, attraverso le idee che la religione cristiana ha prodotto.\u00a0Ma nell\u2019insegnamento della religione cattolica si danno anche altre possibilit\u00e0: gli studenti possono confrontarsi con le domande profonde della vita. Soprattutto nel tempo della formazione intellettuale a scuola sorgono quei quesiti che a volte ci affannano, ma\u00a0che di fatto ci rendono esseri umani unici e irripetibili: chi siamo? Quale storia ci ha preceduto? Cosa dobbiamo fare per il presente nostro e dei nostri cari? Perch\u00e9 il dolore e la\u00a0morte? Cosa possiamo sperare per il futuro in questa terra e dopo? Ognuno deve trovare\u00a0la sua risposta. L\u2019insegnamento della religione cattolica si pone proprio nell\u2019orizzonte\u00a0degli interrogativi esistenziali, che sorgono anche nei nostri ragazzi. In un tempo in cui la pandemia da COVID-19 ci sta ponendo di fronte problemi inediti per l\u2019umanit\u00e0, pensiamo che le generazioni future potranno affrontare meglio anche le sfide nel campo dell\u2019economia, del diritto o della scienza se avranno interiorizzato i valori religiosi gi\u00e0 a scuola.<\/div>\n<div>1 Una solida preparazione nell\u2019ambito religioso consente di apprezzare il mondo\u00a0guardando oltre le apparenze, di non accontentarsi delle cose materiali puntando piuttosto\u00a0a quelle spirituali, di confutare le false superstizioni escludendo ogni forma di violenza in\u00a0nome di Dio, di allenarsi al dialogo sempre rispettoso dell\u2019altro, di formare una coscienza matura imparando a crescere tenendo conto degli altri e soprattutto dei pi\u00f9 deboli.<\/div>\n<div>Siamo sicuri che l\u2019alleanza educativa stretta tra voi, genitori e studenti, e gli insegnanti di religione cattolica consenta di vivere il tempo della scuola come un\u2019occasione di reale\u00a0 formazione delle nuove generazioni in modo sano e costruttivo, per il bene dei\u00a0nostri ragazzi e della nostra societ\u00e0.<\/div>\n<div>Cogliamo l\u2019occasione di questo messaggio per augurarvi un nuovo anno di pace e\u00a0serenit\u00e0.<\/div>\n<div><\/div>\n<div>Roma, 8 gennaio 2021<\/div>\n<div><\/div>\n<div>La Presidenza della Conferenza Episcopale Italiana<\/div>\n","protected":false},"excerpt":{"rendered":"<p>Cari studenti e cari genitori, che cosa sarebbe l\u2019arte senza la Cappella Sistina di Michelangelo, la poesia senza la Divina commedia di Dante, la musica senza la Passione secondo Matteo di Bach, la letteratura senza i Promessi sposi di Manzoni, l\u2019architettura senza il Duomo di Milano, la filosofia senza Kierkegaard? Cosa sarebbe l\u2019amore senza il Cantico dei cantici, la dignit\u00e0 umana senza le parole di &hellip; <a href=\"https:\/\/diocesi.concordia-pordenone.it\/scuola\/messaggio-dalla-presidenza-delle-cei-per-la-s-2021-22\/\" class=\"more-link\">Continue reading <span class=\"screen-reader-text\"><\/span> <span class=\"meta-nav\">&raquo;<\/span><\/a><\/p>\n","protected":false},"author":0,"featured_media":456,"comment_status":"closed","ping_status":"closed","sticky":false,"template":"","format":"standard","meta":{"_acf_changed":false,"footnotes":""},"categories":[5],"tags":[],"class_list":["post-400","post","type-post","status-publish","format-standard","has-post-thumbnail","hentry","category-dal-servizio-nazionale-irc"],"acf":[],"_links":{"self":[{"href":"https:\/\/diocesi.concordia-pordenone.it\/scuola\/wp-json\/wp\/v2\/posts\/400","targetHints":{"allow":["GET"]}}],"collection":[{"href":"https:\/\/diocesi.concordia-pordenone.it\/scuola\/wp-json\/wp\/v2\/posts"}],"about":[{"href":"https:\/\/diocesi.concordia-pordenone.it\/scuola\/wp-json\/wp\/v2\/types\/post"}],"author":[{"embeddable":true,"href":"https:\/\/diocesi.concordia-pordenone.it\/scuola\/wp-json\/wp\/v2\/users\/1"}],"replies":[{"embeddable":true,"href":"https:\/\/diocesi.concordia-pordenone.it\/scuola\/wp-json\/wp\/v2\/comments?post=400"}],"version-history":[{"count":1,"href":"https:\/\/diocesi.concordia-pordenone.it\/scuola\/wp-json\/wp\/v2\/posts\/400\/revisions"}],"predecessor-version":[{"id":582,"href":"https:\/\/diocesi.concordia-pordenone.it\/scuola\/wp-json\/wp\/v2\/posts\/400\/revisions\/582"}],"wp:featuredmedia":[{"embeddable":true,"href":"https:\/\/diocesi.concordia-pordenone.it\/scuola\/wp-json\/wp\/v2\/media\/456"}],"wp:attachment":[{"href":"https:\/\/diocesi.concordia-pordenone.it\/scuola\/wp-json\/wp\/v2\/media?parent=400"}],"wp:term":[{"taxonomy":"category","embeddable":true,"href":"https:\/\/diocesi.concordia-pordenone.it\/scuola\/wp-json\/wp\/v2\/categories?post=400"},{"taxonomy":"post_tag","embeddable":true,"href":"https:\/\/diocesi.concordia-pordenone.it\/scuola\/wp-json\/wp\/v2\/tags?post=400"}],"curies":[{"name":"wp","href":"https:\/\/api.w.org\/{rel}","templated":true}]}}