{"id":44,"date":"2012-10-02T18:01:00","date_gmt":"2012-10-02T16:01:00","guid":{"rendered":"https:\/\/diocesi.concordia-pordenone.it\/scuola\/celebrazione-di-inizio-anno-pastorale\/"},"modified":"2012-10-02T18:01:00","modified_gmt":"2012-10-02T16:01:00","slug":"celebrazione-di-inizio-anno-pastorale","status":"publish","type":"post","link":"https:\/\/diocesi.concordia-pordenone.it\/scuola\/celebrazione-di-inizio-anno-pastorale\/","title":{"rendered":"Celebrazione di inizio anno pastorale"},"content":{"rendered":"<div>\u00a0Siamo tutti invitati alla celebrazione per l&#8217;inizio dell&#8217;anno pastorale per la diocesi di Concordia-Pordenone. La funzione religiosa si terr\u00e0 Gioved\u00ec 11 Ottobre 2012 presso il Palazzetto dello Sport di Pordenone e sar\u00e0 presieduta da sua eccellenza Mons. Giuseppe Pellegrini, vescovo della diocesi di Concordia-Pordenone. Il tema sar\u00e0 &#8220;E&#8217; il Signore&#8221; per quello che sar\u00e0 &#8220;l&#8217;anno della fede&#8221;.\u00a0<\/div>\n","protected":false},"excerpt":{"rendered":"<p>\u00a0Siamo tutti invitati alla celebrazione per l&#8217;inizio dell&#8217;anno pastorale per la diocesi di Concordia-Pordenone. La funzione religiosa si terr\u00e0 Gioved\u00ec 11 Ottobre 2012 presso il Palazzetto dello Sport di Pordenone e sar\u00e0 presieduta da sua eccellenza Mons. Giuseppe Pellegrini, vescovo della diocesi di Concordia-Pordenone. Il tema sar\u00e0 &#8220;E&#8217; il Signore&#8221; per quello che sar\u00e0 &#8220;l&#8217;anno della fede&#8221;.\u00a0<\/p>\n","protected":false},"author":0,"featured_media":0,"comment_status":"closed","ping_status":"closed","sticky":false,"template":"","format":"standard","meta":{"_acf_changed":false,"footnotes":""},"categories":[3],"tags":[],"class_list":["post-44","post","type-post","status-publish","format-standard","hentry","category-news"],"acf":[],"_links":{"self":[{"href":"https:\/\/diocesi.concordia-pordenone.it\/scuola\/wp-json\/wp\/v2\/posts\/44","targetHints":{"allow":["GET"]}}],"collection":[{"href":"https:\/\/diocesi.concordia-pordenone.it\/scuola\/wp-json\/wp\/v2\/posts"}],"about":[{"href":"https:\/\/diocesi.concordia-pordenone.it\/scuola\/wp-json\/wp\/v2\/types\/post"}],"author":[{"embeddable":true,"href":"https:\/\/diocesi.concordia-pordenone.it\/scuola\/wp-json\/wp\/v2\/users\/1"}],"replies":[{"embeddable":true,"href":"https:\/\/diocesi.concordia-pordenone.it\/scuola\/wp-json\/wp\/v2\/comments?post=44"}],"version-history":[{"count":0,"href":"https:\/\/diocesi.concordia-pordenone.it\/scuola\/wp-json\/wp\/v2\/posts\/44\/revisions"}],"wp:attachment":[{"href":"https:\/\/diocesi.concordia-pordenone.it\/scuola\/wp-json\/wp\/v2\/media?parent=44"}],"wp:term":[{"taxonomy":"category","embeddable":true,"href":"https:\/\/diocesi.concordia-pordenone.it\/scuola\/wp-json\/wp\/v2\/categories?post=44"},{"taxonomy":"post_tag","embeddable":true,"href":"https:\/\/diocesi.concordia-pordenone.it\/scuola\/wp-json\/wp\/v2\/tags?post=44"}],"curies":[{"name":"wp","href":"https:\/\/api.w.org\/{rel}","templated":true}]}}