{"id":45,"date":"2012-09-28T18:10:00","date_gmt":"2012-09-28T16:10:00","guid":{"rendered":"https:\/\/diocesi.concordia-pordenone.it\/scuola\/corso-web-e-office-per-idr\/"},"modified":"2012-09-28T18:10:00","modified_gmt":"2012-09-28T16:10:00","slug":"corso-web-e-office-per-idr","status":"publish","type":"post","link":"https:\/\/diocesi.concordia-pordenone.it\/scuola\/corso-web-e-office-per-idr\/","title":{"rendered":"Corso web e office per Idr"},"content":{"rendered":"<div>\u00a0Si comunica che i corsi di &#8220;Web 2.0 e IRC&#8221; e &#8220;Office automation e IRC&#8221; hanno raggiunto il numero minimo dei partecipanti e si svolgeranno regolarmente come da calendario presso Madonna Pellegrina.<\/div>\n<div>Per il corso di Office ci sono ancora alcuni posti liberi e chi \u00e8 interessato \u00e8 pregato di comuniarlo all&#8217;ufficio scuola per motivi organizzativi.<\/div>\n<div>Il corso inizier\u00e0 Venerd\u00ec 9 Novembre alle 17.00.<\/div>\n","protected":false},"excerpt":{"rendered":"<p>\u00a0Si comunica che i corsi di &#8220;Web 2.0 e IRC&#8221; e &#8220;Office automation e IRC&#8221; hanno raggiunto il numero minimo dei partecipanti e si svolgeranno regolarmente come da calendario presso Madonna Pellegrina. Per il corso di Office ci sono ancora alcuni posti liberi e chi \u00e8 interessato \u00e8 pregato di comuniarlo all&#8217;ufficio scuola per motivi organizzativi. Il corso inizier\u00e0 Venerd\u00ec 9 Novembre alle 17.00.<\/p>\n","protected":false},"author":0,"featured_media":46,"comment_status":"closed","ping_status":"closed","sticky":false,"template":"","format":"standard","meta":{"_acf_changed":false,"footnotes":""},"categories":[3],"tags":[],"class_list":["post-45","post","type-post","status-publish","format-standard","has-post-thumbnail","hentry","category-news"],"acf":[],"_links":{"self":[{"href":"https:\/\/diocesi.concordia-pordenone.it\/scuola\/wp-json\/wp\/v2\/posts\/45","targetHints":{"allow":["GET"]}}],"collection":[{"href":"https:\/\/diocesi.concordia-pordenone.it\/scuola\/wp-json\/wp\/v2\/posts"}],"about":[{"href":"https:\/\/diocesi.concordia-pordenone.it\/scuola\/wp-json\/wp\/v2\/types\/post"}],"author":[{"embeddable":true,"href":"https:\/\/diocesi.concordia-pordenone.it\/scuola\/wp-json\/wp\/v2\/users\/1"}],"replies":[{"embeddable":true,"href":"https:\/\/diocesi.concordia-pordenone.it\/scuola\/wp-json\/wp\/v2\/comments?post=45"}],"version-history":[{"count":0,"href":"https:\/\/diocesi.concordia-pordenone.it\/scuola\/wp-json\/wp\/v2\/posts\/45\/revisions"}],"wp:featuredmedia":[{"embeddable":true,"href":"https:\/\/diocesi.concordia-pordenone.it\/scuola\/wp-json\/wp\/v2\/media\/46"}],"wp:attachment":[{"href":"https:\/\/diocesi.concordia-pordenone.it\/scuola\/wp-json\/wp\/v2\/media?parent=45"}],"wp:term":[{"taxonomy":"category","embeddable":true,"href":"https:\/\/diocesi.concordia-pordenone.it\/scuola\/wp-json\/wp\/v2\/categories?post=45"},{"taxonomy":"post_tag","embeddable":true,"href":"https:\/\/diocesi.concordia-pordenone.it\/scuola\/wp-json\/wp\/v2\/tags?post=45"}],"curies":[{"name":"wp","href":"https:\/\/api.w.org\/{rel}","templated":true}]}}