{"id":470,"date":"2013-09-07T13:09:00","date_gmt":"2013-09-07T11:09:00","guid":{"rendered":"https:\/\/diocesi.concordia-pordenone.it\/scuola\/piano-formativo-2013-14\/"},"modified":"2013-09-07T13:09:00","modified_gmt":"2013-09-07T11:09:00","slug":"piano-formativo-2013-14","status":"publish","type":"post","link":"https:\/\/diocesi.concordia-pordenone.it\/scuola\/piano-formativo-2013-14\/","title":{"rendered":"Piano formativo 2013-14"},"content":{"rendered":"<div>\u00a0<\/div>\n<div><strong>FORMAZIONE GENERALE per IdR specialisti (25,30 ore)<\/strong><\/div>\n<div>In collaborazione con\u00a0il Centro di Ateneo per la Qualit\u00e0 dell\u2019insegnamento e dell\u2019apprendimento<\/div>\n<div>(Universit\u00e0 degli Studi di Bergamo)<\/div>\n<div>\u00a0<\/div>\n<div>COSTRUIRE UN CURRICOLO VERTICALE PER SVILUPPARE COMPETENZE PERSONALI<\/div>\n<div>\u00a0<\/div>\n<div>PRIMA FASE  (9 ore)<\/div>\n<div>\u00a0<\/div>\n<div>MERCOLEDI\u2019 16 OTTOBRE 2013 presso casa Madonna Pellegrina<\/div>\n<div>\u00a0<\/div>\n<div>h.15.00-17.00 (1\u00b0* e 2\u00b0 ciclo insieme) \u2013 Prof.ssa Giuliana Sandrone<\/div>\n<div>Lezione: Sviluppare competenze personali attraverso i contenuti di Religione cattolica. Ragioni normative e pedagogiche di una scelta<\/div>\n<div>*i docenti della Scuola dell\u2019Infanzia aderiranno al gruppo del I ciclo<\/div>\n<div>\u00a0<\/div>\n<div>h.17.00-17.30 pausa caff\u00e8 e spostamento nei laboratori<\/div>\n<div>\u00a0<\/div>\n<div>h. 17.30- 19.30 (1\u00b0 e 2\u00b0 ciclo separati) &#8211; Prof.ssa Giuliana Sandrone e dott.ssa Adriana Lafranconi<\/div>\n<div>Laboratorio: Analisi di caso per individuare le peculiarit\u00e0 di una progettazione centrata sui saperi come scopo e una programmazione centrata sulle competenze personali che utilizzano i saperi<\/div>\n<div>\u00a0<\/div>\n<div>MERCOLEDI\u2019 23 OTTOBRE 2013 presso Casa Madonna Pellegrina<\/div>\n<div>\u00a0<\/div>\n<div>h.14.30-16.00 (1\u00b0 e 2\u00b0 ciclo insieme) \u2013 Prof.ssa Giuliana Sandrone<\/div>\n<div>Lezione: Centralit\u00e0 del concetto di Profilo dello studente e delle sue competenze per connettere: Indicazioni nazionali \u2013 POF \u2013 programmazione di classe \u2013 programmazione disciplinare<\/div>\n<div>\u00a0<\/div>\n<div>h. 16.00-16.30 pausa caff\u00e8 e spostamento nei laboratori<\/div>\n<div>\u00a0<\/div>\n<div>h. 16.30- 19.00 (1\u00b0 e 2\u00b0 ciclo separati) &#8211; Prof.ssa Giuliana Sandrone e dott.ssa Adriana Lafranconi<\/div>\n<div>Laboratorio: Esempio di percorso: come si coniugano in una dimensione verticale una competenza personale e i saperi di Irc che la sostengono? Assegnazione del percorso di lavoro e indicazioni per realizzarlo.<\/div>\n<div>\u00a0<\/div>\n<div>\u00a0<\/div>\n<div>SECONDA FASE  (12 ore)<\/div>\n<div>\u00a0<\/div>\n<div>Nel mese di novembre gli Idr lavoreranno in Laboratorio suddivisi in infanzia; primaria +secondaria I grado; secondaria di II grado, secondo le indicazioni date dalle docenti.  Si prevede supporto telematico in itinere da parte delle docenti.<\/div>\n<div>Per l\u2019organizzazione dei laboratori si prevede che:<\/div>\n<div>\u2022\ti gruppi dell\u2019infanzia e della secondaria di II grado si organizzeranno autonomamente seguendo le modalit\u00e0 dello scorso anno (stessi referenti e stesso luogo di ritrovo). Comunicare all\u2019Ufficio le date e gli orari ed eventuali variazioni;<\/div>\n<div>\u2022\ti gruppi della Primaria e Secondaria di I grado saranno organizzati per Istituti Comprensivi (la suddivisione a cura dell\u2019Ufficio verr\u00e0 resa nota nel primo incontro) e si incontreranno nelle giornate di venerd\u00ec 8,15,22,29 novembre 2013 dalle 16.30 alle 19.30. Le zone di ritrovo possibile potranno essere: zona Portogruaro (ISSR o Collegio Marconi), zona Pordenone (Curia), zona Spilimbergo (Oratorio della Parrocchia di Spilimbergo). Si invita comunque a comunicare la scelta della sede ed eventuali variazioni all\u2019Ufficio per la prenotazione delle aule.<\/div>\n<div>\u00a0<\/div>\n<div>\u00a0<\/div>\n<div>TERZA FASE (4 ore e 30\u2019)<\/div>\n<div>\u00a0<\/div>\n<div>GIOVEDI\u2019 19 DICEMBRE 2013 presso Casa Madonna Pellegrina<\/div>\n<div>\u00a0<\/div>\n<div>h. 14.30-17.00 (1\u00b0 e 2\u00b0 ciclo separati) \u2013 Prof.ssa Giuliana Sandrone e dott.ssa Adriana Lafranconi<\/div>\n<div>Laboratorio: Analisi dei percorso realizzato nel mese di novembre e indicazioni per il progress dell\u2019attivit\u00e0<\/div>\n<div>\u00a0<\/div>\n<div>h. 17.00-17.30 pausa caff\u00e8 e spostamento in sala<\/div>\n<div>\u00a0<\/div>\n<div>h. 17.30- 19.00 (1\u00b0 e 2\u00b0 ciclo insieme) \u2013 Prof.ssa Giuliana Sandrone<\/div>\n<div>Lezione: Per un uso pedagogico dell\u2019errore: che cosa \u00e8 difficile nella prospettiva di insegnare per sviluppare competenze? Che cosa dipende dal docente? Che cosa dipende dall\u2019organizzazione della scuola?<\/div>\n<div>NB. Gli attestati di partecipazione al corso saranno preparati direttamente dall\u2019Universit\u00e0 di Bergamo.<\/div>\n<div>\u00a0<\/div>\n<div>\u00a0<\/div>\n<div>\u00a0<\/div>\n<div><strong>Corsi di formazione per gli IdR di ogni ordine e grado di scuola\u00a0promossi dall\u2019ISSR di Portogruaro (VE) e altri Enti riconosciuti dall\u2019Ufficio Scuola<\/strong><\/div>\n<div>\u00a0<\/div>\n<div>\u00a0<\/div>\n<div>\u00a0<\/div>\n<div><strong>Corsi presso l\u2019ISSR\u00a0<\/strong><\/div>\n<div>\u00a0<\/div>\n<div>\u00a0<\/div>\n<div>Nell\u2019ambito di <strong>IRC e INTERDISCIPLINARIETA\u2019<\/strong> a cura del prof. Michele Giro, i gioved\u00ec del II semestre dalle 17.45 alle 20.00 (indirizzato ai docenti della secondaria di II grado ma con spunti anche per altri ordini di scuola):<\/div>\n<div>\u2022\tIl mondo di Dante\u2026 breve viaggio all\u2019inferno! (primo modulo: 12 ore)<\/div>\n<div>\u2022\tGli apocrifi nel contesto sociale, economico, artistico medievale (secondo modulo: 12 ore)<\/div>\n<div>\u2022\tIl \u201cvangelo\u201d secondo F. De Andr\u00e9  (terzo modulo: 12 ore)<\/div>\n<div>\u00a0<\/div>\n<div>\u00a0<\/div>\n<div>Nell\u2019ambito di INSEGNARE IRC: PERCORSI, METODI E TECNICHE\u00a0<\/div>\n<div>Laboratorio didattico su  \u201c<strong>IRC e web 2.0<\/strong>\u201d e \u201c<strong>IRC e web 2.0 avanzato<\/strong>\u201d (corso base: essere in grado di utilizzare le risorse del web per gli IRC; corso avanzato: essere in grado di creare ed utilizzare un cloud ed educare ad un utilizzo corretto del web) a cura del prof. Sergio Pavan, dal 21 febbraio al 21 marzo 2014 (eccetto il 7 marzo) dalle 16.00 alle 20.00.\u00a0<\/div>\n<div>ISCRIZIONI c\/o Segreteria dell\u2019ISSR: 042173326 o via mail: info@issr-portogruaro.it<\/div>\n<div>\u00a0<\/div>\n<div>\u00a0<\/div>\n<div><strong>Corsi organizzati dall&#8217;Ufficio Scuola o da Enti riconosciuti\u00a0<\/strong><\/div>\n<div>\u00a0<\/div>\n<div>\u00a0<\/div>\n<div>Corso di formazione per insegnanti di ogni ordine e grado di scuola (6h)<\/div>\n<div><strong>IRC e Office <\/strong>a cura del prof. Sergio Pavan c\/o Casa Madonna Pellegrina<\/div>\n<div>(27 settembre e 4 ottobre 2013 dalle 17.00 alle 20.00)<\/div>\n<div>\u00a0ISCRIZIONI c\/o UFFICIO SCUOLA via mail: scuola@diocesiconcordiapordenone.it<\/div>\n<div>(i corsi saranno attivati in presenza di un numero adeguato di partecipanti; si richiedono i prerequisiti base dell\u2019informatica)<\/div>\n<div>ENTRO 30.09.2013<\/div>\n<div>\u00a0<\/div>\n<div>\u00a0<\/div>\n<div>Corso di formazione per insegnanti della scuola secondaria di II grado<\/div>\n<div>referenti prof. Mauro Manfrinati e prof.ssa Paola Buttignol<\/div>\n<div><strong>LABORATORIO DI AUTOFORMAZIONE<\/strong><\/div>\n<div>(8 h + 2 per eventuale incontro finale di restituzione)<\/div>\n<div>sui seguenti temi:<\/div>\n<div>Idea di persona nel pensiero contemporaneo<\/div>\n<div>percorsi sui testi di R. Spaemann,  Edith Stein,  Peter Singer<\/div>\n<div>L\u2019eredit\u00e0 della Grande Chiesa nel II\u00b0 e III\u00b0 secolo nella lotta contro lo gnosticismo<\/div>\n<div>a partire dall\u2019opera di I. Orbe e seguendo i testi di H. Jonas una attualizzazione dei pericoli per la fede nel neognosticismo odierno<\/div>\n<div>Gender Theory:  identit\u00e0 e genere ridefiniti<\/div>\n<div>la dottrina della Chiesa in merito ed il dibattito culturale<\/div>\n<div>Il tema della Alleanza<\/div>\n<div>aspetti del dialogo ebraico-cristiano<\/div>\n<div>Ut unum sint<\/div>\n<div>per un ecumenismo con le componenti cristiane nel mondo scolastico<\/div>\n<div>\u201cAnche  gli animali hanno diritti\u201d?<\/div>\n<div>una riflessione sulla corrente di pensiero contemporanea chiamata \u201cSpecismo\u201d ed i suoi riflessi nelle scienze bioetiche<\/div>\n<div>c\/o Curia in via Revedole<\/div>\n<div>31 gennaio, 7-21-28 febbraio 2014 (dalle 17.00 alle 19.00)<\/div>\n<div>Si lavorer\u00e0 suddivisi in 6 gruppi e si elaboreranno dei percorsi didattici<\/div>\n<div>che verranno poi messi a disposizione di tutti sul cloud dell\u2019Ufficio<\/div>\n<div>ISCRIZIONI c\/o UFFICIO SCUOLA via mail: scuola@diocesiconcordiapordenone.it<\/div>\n<div>entro 30.09.2013 (comunicando la scelta del tema su cui si desidera lavorare)<\/div>\n<div>\u00a0<\/div>\n<div>\u00a0<\/div>\n<div><strong>Mese dell&#8217;Educazione<\/strong><\/div>\n<div>\u00a0<\/div>\n<div>\u00a0<\/div>\n<div>UCIIM e AIMC (vedi sito dell\u2019UCIIM), a cura della prof.ssa Paola Barigelli Calcari<\/div>\n<div><strong>Ges\u00f9 e sua madre nel Corano<\/strong><\/div>\n<div>1. Il credo islamico su Ges\u00f9 e Maria di Nazareth<\/div>\n<div>2. Sure riferite a Ges\u00f9 e alcune interpretazioni<\/div>\n<div>3. Sure riguardanti la madre di Ges\u00f9<\/div>\n<div>4. Spazi per il dialogo interreligioso<\/div>\n<div>(c\/o Biblioteca Civica di PN o Aula Centro Diocesano (da definire),<\/div>\n<div>gioved\u00ec 17-24 ottobre 2013 e 7-14 novembre 2013, dalle 17.00 alle 19.30)<\/div>\n<div>iscrizioni presso UCIIM entro 30.09.2013<\/div>\n<div>\u00a0<\/div>\n<div>\u00a0<\/div>\n<div>Centro Studi Biblici di Sacile (PN), Palazzo Ovio-Gobbi, Piazza Duomo<\/div>\n<div>Corso su <strong>DENARO, MERCATO, UMANITA&#8217;. UNO SGUARDO DALLA BIBBIA<\/strong><\/div>\n<div>Ore 20.30<\/div>\n<div>(libero accesso e possibilit\u00e0 di ricevere attestato di partecipazione su richiesta)\u00a0<\/div>\n<div>Gioved\u00ec 17\/10\/13  N\u00e9 ricchezza n\u00e9 povert\u00e0. Sapienza biblica anche per l&#8217;uomo d&#8217;oggi?<\/div>\n<div>Gioved\u00ec  24\/10\/13 Valutazione ed uso dei soldi nelle prime comunit\u00e0 cristiane. Il cuore sta dove hai il tuo tesoro<\/div>\n<div>Gioved\u00ec  7\/11\/13 Religione e economia: Bibbia e Islam<\/div>\n<div>Gioved\u00ec  14\/11\/13 Per non costruire sulla sabbia. Ripensare l&#8217;economia a partire dall&#8217;uomo.<\/div>\n<div>\u00a0<\/div>\n<div>\u00a0<\/div>\n<div><strong>Altre proposte:<\/strong><\/div>\n<div>Casa dello Studente<\/div>\n<div>Proposte formative inerenti la professione docente legate all\u2019IRC (valutazione, indicazioni per il curricolo, approfondimenti culturali, ecc&#8230;) promosse dagli istituti scolastici presso cui si presta servizio, seminari<\/div>\n<div>Corsi universitari, corsi di formazione per IdR regionali, nazionali<\/div>\n<div>Tutoraggio come insegnanti accoglienti (corso di Tirocinio presso ISSR)<\/div>\n<div>Ruolo di relatori\/formatori in corsi di formazione per docenti IdR<\/div>\n<div>\u00a0<\/div>\n<div>\u00a0<\/div>\n<div>\u00a0<\/div>\n","protected":false},"excerpt":{"rendered":"<p>\u00a0 FORMAZIONE GENERALE per IdR specialisti (25,30 ore) In collaborazione con\u00a0il Centro di Ateneo per la Qualit\u00e0 dell\u2019insegnamento e dell\u2019apprendimento (Universit\u00e0 degli Studi di Bergamo) \u00a0 COSTRUIRE UN CURRICOLO VERTICALE PER SVILUPPARE COMPETENZE PERSONALI \u00a0 PRIMA FASE (9 ore) \u00a0 MERCOLEDI\u2019 16 OTTOBRE 2013 presso casa Madonna Pellegrina \u00a0 h.15.00-17.00 (1\u00b0* e 2\u00b0 ciclo insieme) \u2013 Prof.ssa Giuliana Sandrone Lezione: Sviluppare competenze personali attraverso i &hellip; <a href=\"https:\/\/diocesi.concordia-pordenone.it\/scuola\/piano-formativo-2013-14\/\" class=\"more-link\">Continue reading <span class=\"screen-reader-text\"><\/span> <span class=\"meta-nav\">&raquo;<\/span><\/a><\/p>\n","protected":false},"author":0,"featured_media":0,"comment_status":"closed","ping_status":"closed","sticky":false,"template":"","format":"standard","meta":{"_acf_changed":false,"footnotes":""},"categories":[7],"tags":[],"class_list":["post-470","post","type-post","status-publish","format-standard","hentry","category-idr-specialisti"],"acf":[],"_links":{"self":[{"href":"https:\/\/diocesi.concordia-pordenone.it\/scuola\/wp-json\/wp\/v2\/posts\/470","targetHints":{"allow":["GET"]}}],"collection":[{"href":"https:\/\/diocesi.concordia-pordenone.it\/scuola\/wp-json\/wp\/v2\/posts"}],"about":[{"href":"https:\/\/diocesi.concordia-pordenone.it\/scuola\/wp-json\/wp\/v2\/types\/post"}],"author":[{"embeddable":true,"href":"https:\/\/diocesi.concordia-pordenone.it\/scuola\/wp-json\/wp\/v2\/users\/1"}],"replies":[{"embeddable":true,"href":"https:\/\/diocesi.concordia-pordenone.it\/scuola\/wp-json\/wp\/v2\/comments?post=470"}],"version-history":[{"count":0,"href":"https:\/\/diocesi.concordia-pordenone.it\/scuola\/wp-json\/wp\/v2\/posts\/470\/revisions"}],"wp:attachment":[{"href":"https:\/\/diocesi.concordia-pordenone.it\/scuola\/wp-json\/wp\/v2\/media?parent=470"}],"wp:term":[{"taxonomy":"category","embeddable":true,"href":"https:\/\/diocesi.concordia-pordenone.it\/scuola\/wp-json\/wp\/v2\/categories?post=470"},{"taxonomy":"post_tag","embeddable":true,"href":"https:\/\/diocesi.concordia-pordenone.it\/scuola\/wp-json\/wp\/v2\/tags?post=470"}],"curies":[{"name":"wp","href":"https:\/\/api.w.org\/{rel}","templated":true}]}}