{"id":475,"date":"2016-09-21T14:51:00","date_gmt":"2016-09-21T12:51:00","guid":{"rendered":"https:\/\/diocesi.concordia-pordenone.it\/scuola\/piano-formativo-2016-2017\/"},"modified":"2016-09-21T14:51:00","modified_gmt":"2016-09-21T12:51:00","slug":"piano-formativo-2016-2017","status":"publish","type":"post","link":"https:\/\/diocesi.concordia-pordenone.it\/scuola\/piano-formativo-2016-2017\/","title":{"rendered":"Piano Formativo 2016-2017"},"content":{"rendered":"<div><br >L\u2019Equipe Diocesana, che cura la formazione dei docenti di Religione Cattolica specialisti e non, di ogni ordine e grado di scuola, propone i seguenti incontri per i docenti specialisti di IRC:<\/div>\n<div><br >&#8211; VENERDI 16 settembre 2016, ore 17.00-18.45, in Centro Pastorale Seminario (PN):<\/div>\n<div>\u00a0\u00a0 &#8211; ore 17.00: Celebrazione S. Messa presieduta da S.E. Mons. Giuseppe Pellegrini<br >\u00a0\u00a0 &#8211; ore 18.00-18.45 Comunicazioni da parte del Direttore dell\u2019Ufficio Scuola Giovanni diac. Dalla Torre<br >\u00a0<\/div>\n<div>&#8211; SABATO 24 settembre 2016, ore 15.00-19.00<br >in Centro Pastorale Seminario (PN)<br >incontro formativo con dott.ssa Lieta Dal Mas<br >&#8220;A.A.A.A: ASCOLTO ACCOGLIENZA ALLEANZA AUTENTICITA\u2019 NELL\u2019ESPERIENZA DELL\u2019IDR&#8221;<br >Essere oggi insegnanti e in particolare Idr: avere cura della persona e delle relazioni fra le persone.<br >\u00a0<\/div>\n<div>\u00a0<\/div>\n<div>Per le ore di formazione a scelta si incoraggia la frequenza alle proposte formative dell\u2019ISTITUTO SUPERIORE DI SCIENZE RELIGIOSE di Portogruaro.<br >Per iscriversi \u00e8 necessario inviare una mail (info@issr-portogruaro.it) entro il 20 settembre per i laboratori del primo semestre, entro il 20 gennaio per i laboratori del secondo semestre. La Segreteria rilascer\u00e0 un attestato di partecipazione.<\/div>\n<div>\u00a0<\/div>\n<div>\u00a0<\/div>\n<div>LABORATORI primo semestre:<\/div>\n<div><br >1) L\u2019ARTE INTERPRETE DEL CONCILIO DI TRENTO (12 ore) [3 ECTS] Prof.ssa BUTTIGNOL Paola &#8211; gioved\u00ec 6, 13, 20 e 27 ottobre 2016: 17.45-20.00<br >2) AMORIS LAETITIA: a partire dalle famiglie cos\u00ec come sono (9 ore) [3 ECTS] Prof. PESCE Francesco &#8211; gioved\u00ec 10, 17 e 24 novembre 2016: 17.45-20.00<br >3) INSEGNAR RECITANDO (25 ore) [6 ECTS] Prof. GIRO Michele &#8211; luned\u00ec e venerd\u00ec 7, 11, 14, 18, 21 novembre 2016: 16.00-20.00<br >4) WEB 2.0 (16 ore) [3 ECTS] Prof. PAVAN Sergio &#8211; venerd\u00ec 30 settembre 2016: 16.45-19.15; 7, 14, 21, ottobre 2016: 16.45-19.15; 28<br >ottobre 2016: 16.45-20.00<\/div>\n<div><br >GIORNATA DI STUDIO: GIROLAMI [3]: Giornata di studio su Matteo Ricci: sabato 3 dicembre.<\/div>\n<div>\u00a0<\/div>\n<div>\u00a0<\/div>\n<div>LABORATORI secondo semestre<\/div>\n<div><br >1) AUTOEFFICACIA E RESILIENZA (12 ore) [3 ECTS] Prof.ssa NARDO Emanuela- mart. 7, 14, 21 e 28 marzo 2017: 16.00-18.15 &#8211; MASSIMO 20 PERSONE<br >2) PSICOLOGIA DELLA RELIGIONE 2 (9 ore) [3 ECTS] Prof. DONEI Dario- luned\u00ec 6,13,20 e 27 marzo 2017: 17.45-20.00<br >3) PAOLO, AGOSTINO, LUTERO (9 ore) [3 ECTS] Prof. GIROLAMI Maurizio- marted\u00ec 2, 9, 16 maggio 2017: 16.00-18.15<br >4) INSEGNAR RECITANDO (25 ore) [6 ECTS] Prof. GIRO Michele- luned\u00ec e venerd\u00ec 13, 17, 20, 24 e 27 febbraio 2017: 16.00-20.00<br >5) INFORMATICA PER LA DIDATTICA AVANZATO (12 ore) [3 ECTS] Prof. PAVAN Sergio &#8211; mercoled\u00ec 8, 15, 22, 29 marzo 2017: 16.45-19.15<br >6) D.S.A. e B.E.S.: CONOSCERE PER INTERVENIRE (15 ore) [4 ECTS] Prof.ssa LODOLI Mavi &#8211; venerd\u00ec 3, 24 marzo, 7 aprile 2017: 16.00-20.00<br >\u00a0<\/div>\n<div>GIORNATA DI STUDIO: PESCE [3]: Giornata di studio su Martin Lutero: sabato 6 maggio.<\/div>\n<div>\u00a0<\/div>\n<div>Altre proposte formative:<br >&#8211; Consultorio Familiare Noncello ONLUS: proposta di formativa per un gruppo di giovani IDR disponibili a confrontarsi sui temi della sessualit\u00e0 e dell\u2019affettivit\u00e0 per 3\/4 incontri di un paio d\u2019ore ciascuno. Per adesioni inviare mail all\u2019Ufficio Scuola entro fine ottobre.<br >&#8211; UCIIM (vedi sito)<br >&#8211; Mese dell&#8217;Educazione (il tema di quest\u2019anno sar\u00e0 \u201cEducare alla Bellezza\u201d)<br >&#8211; Casa dello Studente<br >&#8211; Proposte formative inerenti alla professione docente legate all\u2019IRC (valutazione, indicazioni per il curricolo, competenze, approfondimenti culturali, ecc&#8230;) promosse dagli Istituti scolastici presso cui si presta servizio, seminari, ecc.<br >&#8211; Corsi universitari, corsi di formazione per IdR regionali, nazionali, master, corsi di laurea&#8230;<br >&#8211; Tutoraggio come insegnanti accoglienti (corso di Tirocinio presso ISSR)<br >&#8211; Ruolo di relatori\/formatori in corsi di formazione per docenti IdR<br >\u00a0<\/div>\n<div>Buon Lavoro!<br >\u00a0<\/div>\n<div>L\u2019Equipe di formazione diocesana<\/div>\n<div>\u00a0<\/div>\n<div>\u00a0<\/div>\n","protected":false},"excerpt":{"rendered":"<p>L\u2019Equipe Diocesana, che cura la formazione dei docenti di Religione Cattolica specialisti e non, di ogni ordine e grado di scuola, propone i seguenti incontri per i docenti specialisti di IRC: &#8211; VENERDI 16 settembre 2016, ore 17.00-18.45, in Centro Pastorale Seminario (PN): \u00a0\u00a0 &#8211; ore 17.00: Celebrazione S. Messa presieduta da S.E. Mons. Giuseppe Pellegrini\u00a0\u00a0 &#8211; ore 18.00-18.45 Comunicazioni da parte del Direttore dell\u2019Ufficio &hellip; <a href=\"https:\/\/diocesi.concordia-pordenone.it\/scuola\/piano-formativo-2016-2017\/\" class=\"more-link\">Continue reading <span class=\"screen-reader-text\"><\/span> <span class=\"meta-nav\">&raquo;<\/span><\/a><\/p>\n","protected":false},"author":0,"featured_media":0,"comment_status":"closed","ping_status":"closed","sticky":false,"template":"","format":"standard","meta":{"_acf_changed":false,"footnotes":""},"categories":[7],"tags":[],"class_list":["post-475","post","type-post","status-publish","format-standard","hentry","category-idr-specialisti"],"acf":[],"_links":{"self":[{"href":"https:\/\/diocesi.concordia-pordenone.it\/scuola\/wp-json\/wp\/v2\/posts\/475","targetHints":{"allow":["GET"]}}],"collection":[{"href":"https:\/\/diocesi.concordia-pordenone.it\/scuola\/wp-json\/wp\/v2\/posts"}],"about":[{"href":"https:\/\/diocesi.concordia-pordenone.it\/scuola\/wp-json\/wp\/v2\/types\/post"}],"author":[{"embeddable":true,"href":"https:\/\/diocesi.concordia-pordenone.it\/scuola\/wp-json\/wp\/v2\/users\/1"}],"replies":[{"embeddable":true,"href":"https:\/\/diocesi.concordia-pordenone.it\/scuola\/wp-json\/wp\/v2\/comments?post=475"}],"version-history":[{"count":0,"href":"https:\/\/diocesi.concordia-pordenone.it\/scuola\/wp-json\/wp\/v2\/posts\/475\/revisions"}],"wp:attachment":[{"href":"https:\/\/diocesi.concordia-pordenone.it\/scuola\/wp-json\/wp\/v2\/media?parent=475"}],"wp:term":[{"taxonomy":"category","embeddable":true,"href":"https:\/\/diocesi.concordia-pordenone.it\/scuola\/wp-json\/wp\/v2\/categories?post=475"},{"taxonomy":"post_tag","embeddable":true,"href":"https:\/\/diocesi.concordia-pordenone.it\/scuola\/wp-json\/wp\/v2\/tags?post=475"}],"curies":[{"name":"wp","href":"https:\/\/api.w.org\/{rel}","templated":true}]}}