{"id":48,"date":"2012-10-19T21:39:00","date_gmt":"2012-10-19T19:39:00","guid":{"rendered":"https:\/\/diocesi.concordia-pordenone.it\/scuola\/atto-accademico-dellissr\/"},"modified":"2012-10-19T21:39:00","modified_gmt":"2012-10-19T19:39:00","slug":"atto-accademico-dellissr","status":"publish","type":"post","link":"https:\/\/diocesi.concordia-pordenone.it\/scuola\/atto-accademico-dellissr\/","title":{"rendered":"Atto accademico dell&#8217;ISSR"},"content":{"rendered":"<div>\u00a0Siamo tutti invitati a partecipare all&#8217;Atto accademico dell&#8217;anno 2012-13, che si svolger\u00e0 mercoled\u00ec 31 ottobre, alle ore 18,00, presso la Sala delle Colonne &#8211; Collegio Marconi a Portogruaro (VE).<\/div>\n<div>Il tema sar\u00e0 &#8220;DI FRONTE AL VANGELO: LA TEMPRE DELL&#8217;EVANGELIZZAZIONE &#8211; Sulle orme del Card. Celso Costantini&#8221;.<\/div>\n<div>La prolusione sar\u00e0 tenuta da S.E. mons. Savio Hon Tai Fai, arcivescovo cinese, segretario della Congregazione per l&#8217;Evangelizzazione dei Popoli.<\/div>\n<div>\u00a0<\/div>\n","protected":false},"excerpt":{"rendered":"<p>\u00a0Siamo tutti invitati a partecipare all&#8217;Atto accademico dell&#8217;anno 2012-13, che si svolger\u00e0 mercoled\u00ec 31 ottobre, alle ore 18,00, presso la Sala delle Colonne &#8211; Collegio Marconi a Portogruaro (VE). Il tema sar\u00e0 &#8220;DI FRONTE AL VANGELO: LA TEMPRE DELL&#8217;EVANGELIZZAZIONE &#8211; Sulle orme del Card. Celso Costantini&#8221;. La prolusione sar\u00e0 tenuta da S.E. mons. Savio Hon Tai Fai, arcivescovo cinese, segretario della Congregazione per l&#8217;Evangelizzazione dei &hellip; <a href=\"https:\/\/diocesi.concordia-pordenone.it\/scuola\/atto-accademico-dellissr\/\" class=\"more-link\">Continue reading <span class=\"screen-reader-text\"><\/span> <span class=\"meta-nav\">&raquo;<\/span><\/a><\/p>\n","protected":false},"author":0,"featured_media":0,"comment_status":"closed","ping_status":"closed","sticky":false,"template":"","format":"standard","meta":{"_acf_changed":false,"footnotes":""},"categories":[3],"tags":[],"class_list":["post-48","post","type-post","status-publish","format-standard","hentry","category-news"],"acf":[],"_links":{"self":[{"href":"https:\/\/diocesi.concordia-pordenone.it\/scuola\/wp-json\/wp\/v2\/posts\/48","targetHints":{"allow":["GET"]}}],"collection":[{"href":"https:\/\/diocesi.concordia-pordenone.it\/scuola\/wp-json\/wp\/v2\/posts"}],"about":[{"href":"https:\/\/diocesi.concordia-pordenone.it\/scuola\/wp-json\/wp\/v2\/types\/post"}],"author":[{"embeddable":true,"href":"https:\/\/diocesi.concordia-pordenone.it\/scuola\/wp-json\/wp\/v2\/users\/1"}],"replies":[{"embeddable":true,"href":"https:\/\/diocesi.concordia-pordenone.it\/scuola\/wp-json\/wp\/v2\/comments?post=48"}],"version-history":[{"count":0,"href":"https:\/\/diocesi.concordia-pordenone.it\/scuola\/wp-json\/wp\/v2\/posts\/48\/revisions"}],"wp:attachment":[{"href":"https:\/\/diocesi.concordia-pordenone.it\/scuola\/wp-json\/wp\/v2\/media?parent=48"}],"wp:term":[{"taxonomy":"category","embeddable":true,"href":"https:\/\/diocesi.concordia-pordenone.it\/scuola\/wp-json\/wp\/v2\/categories?post=48"},{"taxonomy":"post_tag","embeddable":true,"href":"https:\/\/diocesi.concordia-pordenone.it\/scuola\/wp-json\/wp\/v2\/tags?post=48"}],"curies":[{"name":"wp","href":"https:\/\/api.w.org\/{rel}","templated":true}]}}