{"id":54,"date":"2013-02-16T12:27:00","date_gmt":"2013-02-16T11:27:00","guid":{"rendered":"https:\/\/diocesi.concordia-pordenone.it\/scuola\/formazione-con-il-prof-braga\/"},"modified":"2013-02-16T12:27:00","modified_gmt":"2013-02-16T11:27:00","slug":"formazione-con-il-prof-braga","status":"publish","type":"post","link":"https:\/\/diocesi.concordia-pordenone.it\/scuola\/formazione-con-il-prof-braga\/","title":{"rendered":"Formazione con il prof. Braga"},"content":{"rendered":"<div>La formazione per gli IdR diocesani proseguir\u00e0 con gli appuntamenti di seguito riportati, coadiuvati dal Prof. Braga dell&#8217;Universit\u00e0 Cattolica di Milano.<\/div>\n<div>Il 22.02.13 presso Madonna pellegrina dalle 16.45 alle  19.45 si terr\u00e0 l&#8217;incontro introduttivo del Prof. Braga dove verranno esposti i concetti chiave relativi alle competenze e verranno forniti gli strumenti per il lavoro nei laboratori che seguir\u00e0.<\/div>\n<div>A seguire ci saranno  8 ore laboratoriali da gestire in autonomia (si far\u00e0 riferimento ai referenti  d&#8217;Equipe e ai coordinatori che si sono formati).<\/div>\n<div>Le indicazioni per la fase  laboratoriale verranno date al primo incontro.<\/div>\n<div>Il 19.04 alla Pellegrina dalle 16.45 alle 19.45 si terr\u00e0 invece l&#8217;incontro conclusivo dove si riassumer\u00e0 il lavoro fatto.<\/div>\n","protected":false},"excerpt":{"rendered":"<p>La formazione per gli IdR diocesani proseguir\u00e0 con gli appuntamenti di seguito riportati, coadiuvati dal Prof. Braga dell&#8217;Universit\u00e0 Cattolica di Milano. Il 22.02.13 presso Madonna pellegrina dalle 16.45 alle 19.45 si terr\u00e0 l&#8217;incontro introduttivo del Prof. Braga dove verranno esposti i concetti chiave relativi alle competenze e verranno forniti gli strumenti per il lavoro nei laboratori che seguir\u00e0. A seguire ci saranno 8 ore laboratoriali &hellip; <a href=\"https:\/\/diocesi.concordia-pordenone.it\/scuola\/formazione-con-il-prof-braga\/\" class=\"more-link\">Continue reading <span class=\"screen-reader-text\"><\/span> <span class=\"meta-nav\">&raquo;<\/span><\/a><\/p>\n","protected":false},"author":0,"featured_media":0,"comment_status":"closed","ping_status":"closed","sticky":false,"template":"","format":"standard","meta":{"_acf_changed":false,"footnotes":""},"categories":[3],"tags":[],"class_list":["post-54","post","type-post","status-publish","format-standard","hentry","category-news"],"acf":[],"_links":{"self":[{"href":"https:\/\/diocesi.concordia-pordenone.it\/scuola\/wp-json\/wp\/v2\/posts\/54","targetHints":{"allow":["GET"]}}],"collection":[{"href":"https:\/\/diocesi.concordia-pordenone.it\/scuola\/wp-json\/wp\/v2\/posts"}],"about":[{"href":"https:\/\/diocesi.concordia-pordenone.it\/scuola\/wp-json\/wp\/v2\/types\/post"}],"author":[{"embeddable":true,"href":"https:\/\/diocesi.concordia-pordenone.it\/scuola\/wp-json\/wp\/v2\/users\/1"}],"replies":[{"embeddable":true,"href":"https:\/\/diocesi.concordia-pordenone.it\/scuola\/wp-json\/wp\/v2\/comments?post=54"}],"version-history":[{"count":0,"href":"https:\/\/diocesi.concordia-pordenone.it\/scuola\/wp-json\/wp\/v2\/posts\/54\/revisions"}],"wp:attachment":[{"href":"https:\/\/diocesi.concordia-pordenone.it\/scuola\/wp-json\/wp\/v2\/media?parent=54"}],"wp:term":[{"taxonomy":"category","embeddable":true,"href":"https:\/\/diocesi.concordia-pordenone.it\/scuola\/wp-json\/wp\/v2\/categories?post=54"},{"taxonomy":"post_tag","embeddable":true,"href":"https:\/\/diocesi.concordia-pordenone.it\/scuola\/wp-json\/wp\/v2\/tags?post=54"}],"curies":[{"name":"wp","href":"https:\/\/api.w.org\/{rel}","templated":true}]}}