{"id":55,"date":"2013-01-24T13:04:00","date_gmt":"2013-01-24T12:04:00","guid":{"rendered":"https:\/\/diocesi.concordia-pordenone.it\/scuola\/ritiro-in-preparazione-della-quaresima\/"},"modified":"2013-01-24T13:04:00","modified_gmt":"2013-01-24T12:04:00","slug":"ritiro-in-preparazione-della-quaresima","status":"publish","type":"post","link":"https:\/\/diocesi.concordia-pordenone.it\/scuola\/ritiro-in-preparazione-della-quaresima\/","title":{"rendered":"Ritiro in preparazione della quaresima"},"content":{"rendered":"<div>Carissimi,<\/div>\n<div>in collaborazione con l\u2019Ufficio Catechistico vi proponiamo un momento \u2018rigeneratore\u2019 in preparazione della Quaresima 2013.<\/div>\n<div>Questo momento \u00e8 un tempo per la cura della dimensione spirituale; sar\u00e0 guidato da <strong>don Federico Zanetti<\/strong> sul tema:<\/div>\n<div>&#8220;A causa della folla. Il coraggio di cercare il Signore.&#8221;<\/div>\n<div>Verr\u00e0 fatta una riflessione biblica sulla figura di Zaccheo, sul suo coraggio di \u2018attraversare\u2019 la folla per arrivare a Ges\u00f9, su quali possono essere i nostri ostacoli per arrivare a Ges\u00f9 e poi scoprire la potenzialit\u00e0 della conversione.<\/div>\n<div>Il Ritiro si svolger\u00e0 sabato 9 febbraio, ore 14.45-17.30, presso la Casa Madonna Pellegrina.<\/div>\n<div>Contando sulla vostra presenza, saluto cordialmente.<\/div>\n<div>\u00a0<\/div>\n<div>Il Direttore<\/div>\n<div>Dott. Giovanni Dalla Torre<\/div>\n","protected":false},"excerpt":{"rendered":"<p>Carissimi, in collaborazione con l\u2019Ufficio Catechistico vi proponiamo un momento \u2018rigeneratore\u2019 in preparazione della Quaresima 2013. Questo momento \u00e8 un tempo per la cura della dimensione spirituale; sar\u00e0 guidato da don Federico Zanetti sul tema: &#8220;A causa della folla. Il coraggio di cercare il Signore.&#8221; Verr\u00e0 fatta una riflessione biblica sulla figura di Zaccheo, sul suo coraggio di \u2018attraversare\u2019 la folla per arrivare a Ges\u00f9, &hellip; <a href=\"https:\/\/diocesi.concordia-pordenone.it\/scuola\/ritiro-in-preparazione-della-quaresima\/\" class=\"more-link\">Continue reading <span class=\"screen-reader-text\"><\/span> <span class=\"meta-nav\">&raquo;<\/span><\/a><\/p>\n","protected":false},"author":0,"featured_media":0,"comment_status":"closed","ping_status":"closed","sticky":false,"template":"","format":"standard","meta":{"_acf_changed":false,"footnotes":""},"categories":[3],"tags":[],"class_list":["post-55","post","type-post","status-publish","format-standard","hentry","category-news"],"acf":[],"_links":{"self":[{"href":"https:\/\/diocesi.concordia-pordenone.it\/scuola\/wp-json\/wp\/v2\/posts\/55","targetHints":{"allow":["GET"]}}],"collection":[{"href":"https:\/\/diocesi.concordia-pordenone.it\/scuola\/wp-json\/wp\/v2\/posts"}],"about":[{"href":"https:\/\/diocesi.concordia-pordenone.it\/scuola\/wp-json\/wp\/v2\/types\/post"}],"author":[{"embeddable":true,"href":"https:\/\/diocesi.concordia-pordenone.it\/scuola\/wp-json\/wp\/v2\/users\/1"}],"replies":[{"embeddable":true,"href":"https:\/\/diocesi.concordia-pordenone.it\/scuola\/wp-json\/wp\/v2\/comments?post=55"}],"version-history":[{"count":0,"href":"https:\/\/diocesi.concordia-pordenone.it\/scuola\/wp-json\/wp\/v2\/posts\/55\/revisions"}],"wp:attachment":[{"href":"https:\/\/diocesi.concordia-pordenone.it\/scuola\/wp-json\/wp\/v2\/media?parent=55"}],"wp:term":[{"taxonomy":"category","embeddable":true,"href":"https:\/\/diocesi.concordia-pordenone.it\/scuola\/wp-json\/wp\/v2\/categories?post=55"},{"taxonomy":"post_tag","embeddable":true,"href":"https:\/\/diocesi.concordia-pordenone.it\/scuola\/wp-json\/wp\/v2\/tags?post=55"}],"curies":[{"name":"wp","href":"https:\/\/api.w.org\/{rel}","templated":true}]}}