{"id":557,"date":"2021-10-26T14:31:55","date_gmt":"2021-10-26T12:31:55","guid":{"rendered":"https:\/\/diocesi.concordia-pordenone.it\/scuola\/?p=557"},"modified":"2021-11-01T09:27:57","modified_gmt":"2021-11-01T08:27:57","slug":"celebrazione-avvio-anno-scolastico-con-amministrazione-comunale","status":"publish","type":"post","link":"https:\/\/diocesi.concordia-pordenone.it\/scuola\/celebrazione-avvio-anno-scolastico-con-amministrazione-comunale\/","title":{"rendered":"Celebrazione avvio anno scolastico con amministrazione comunale"},"content":{"rendered":"<p>Carissimi docenti,<\/p>\n<p>come da allegato, siete invitati alla <strong>Celebrazione di avvio anno scolastico 2021\/2022<\/strong>, che sar\u00e0 presieduta dal nostro Vescovo S. Ecc.za mons. Giuseppe Pellegrini. \u00c8 un momento molto importante e significativo per noi tutti. Invocare l\u2019aiuto e la forza dello Spirito nel nostro agire educativo \u00e8 azione ecclesiale di rilievo, ancor pi\u00f9 in questo tempo id cammino sinodale che ci vede tutti coinvolti. \u00c8 bello che ognuno di noi si faccia promotore di questo incontro presso colleghi, allievi e loro famiglie. Certamente l\u2019invito riguarda prioritariamente i docenti operanti nel Comune di Pordenone, ma tutti gli altri sano graditissime presenze.<\/p>\n<p>Ci vediamo <strong>gioved\u00ec 4 novembre presso la parrocchiale di Cristo Re \u2013 Pordenone<\/strong> (via T. Ciconi n. 2) alle ore 18.00. La data \u00e8 assai significativa perch\u00e9 si fa memoria di san Carlo Borromeo, un grande riformatore della Chiesa e in questo cambio d\u2019epoca tutti noi siamo chiamati a dare il nostro apporto.<\/p>\n<p>Grato, porgo cordiali saluti.<\/p>\n<p><em>Diac. Giovanni Mauro Dalla Torre.<\/em><\/p>\n<p><em>direttore<\/em><\/p>\n<hr class=\"wpba_attachment_hr\"><div id='wpba_attachment_list' class='wpba wpba-wrap'>\n<ul class='wpba-attachment-list unstyled'><li id='wpba_attachment_list_581' class='wpba-list-item pull-left'><img src='https:\/\/diocesi.concordia-pordenone.it\/scuola\/wp-content\/themes\/wp-starter-so\/icons\/document.png' width='16' height='20' class='wpba-icon pull-left'><a href='https:\/\/diocesi.concordia-pordenone.it\/scuola\/wp-content\/uploads\/sites\/5\/2021\/10\/INVITO-SINGOLO-A.S.-2020-2021-1.pdf' title='INVITO SINGOLO A.S. 2020-2021' class='wpba-link pull-left' target=\"_blank\">INVITO SINGOLO A.S. 2020-2021<\/a><\/li>\n<\/ul><\/div>\n","protected":false},"excerpt":{"rendered":"<p>Carissimi docenti, come da allegato, siete invitati alla Celebrazione di avvio anno scolastico 2021\/2022, che sar\u00e0 presieduta dal nostro Vescovo S. Ecc.za mons. Giuseppe Pellegrini. \u00c8 un momento molto importante e significativo per noi tutti. Invocare l\u2019aiuto e la forza dello Spirito nel nostro agire educativo \u00e8 azione ecclesiale di rilievo, ancor pi\u00f9 in questo tempo id cammino sinodale che ci vede tutti coinvolti. \u00c8 &hellip; <a href=\"https:\/\/diocesi.concordia-pordenone.it\/scuola\/celebrazione-avvio-anno-scolastico-con-amministrazione-comunale\/\" class=\"more-link\">Continue reading <span class=\"screen-reader-text\"><\/span> <span class=\"meta-nav\">&raquo;<\/span><\/a><\/p>\n","protected":false},"author":0,"featured_media":423,"comment_status":"closed","ping_status":"closed","sticky":false,"template":"","format":"standard","meta":{"_acf_changed":false,"footnotes":""},"categories":[4,3],"tags":[],"class_list":["post-557","post","type-post","status-publish","format-standard","has-post-thumbnail","hentry","category-le-buone-pratiche","category-news"],"acf":[],"_links":{"self":[{"href":"https:\/\/diocesi.concordia-pordenone.it\/scuola\/wp-json\/wp\/v2\/posts\/557","targetHints":{"allow":["GET"]}}],"collection":[{"href":"https:\/\/diocesi.concordia-pordenone.it\/scuola\/wp-json\/wp\/v2\/posts"}],"about":[{"href":"https:\/\/diocesi.concordia-pordenone.it\/scuola\/wp-json\/wp\/v2\/types\/post"}],"author":[{"embeddable":true,"href":"https:\/\/diocesi.concordia-pordenone.it\/scuola\/wp-json\/wp\/v2\/users\/8"}],"replies":[{"embeddable":true,"href":"https:\/\/diocesi.concordia-pordenone.it\/scuola\/wp-json\/wp\/v2\/comments?post=557"}],"version-history":[{"count":1,"href":"https:\/\/diocesi.concordia-pordenone.it\/scuola\/wp-json\/wp\/v2\/posts\/557\/revisions"}],"predecessor-version":[{"id":559,"href":"https:\/\/diocesi.concordia-pordenone.it\/scuola\/wp-json\/wp\/v2\/posts\/557\/revisions\/559"}],"wp:featuredmedia":[{"embeddable":true,"href":"https:\/\/diocesi.concordia-pordenone.it\/scuola\/wp-json\/wp\/v2\/media\/423"}],"wp:attachment":[{"href":"https:\/\/diocesi.concordia-pordenone.it\/scuola\/wp-json\/wp\/v2\/media?parent=557"}],"wp:term":[{"taxonomy":"category","embeddable":true,"href":"https:\/\/diocesi.concordia-pordenone.it\/scuola\/wp-json\/wp\/v2\/categories?post=557"},{"taxonomy":"post_tag","embeddable":true,"href":"https:\/\/diocesi.concordia-pordenone.it\/scuola\/wp-json\/wp\/v2\/tags?post=557"}],"curies":[{"name":"wp","href":"https:\/\/api.w.org\/{rel}","templated":true}]}}