{"id":562,"date":"2021-10-26T14:43:53","date_gmt":"2021-10-26T12:43:53","guid":{"rendered":"https:\/\/diocesi.concordia-pordenone.it\/scuola\/?p=562"},"modified":"2021-11-01T09:34:38","modified_gmt":"2021-11-01T08:34:38","slug":"prolusione-della-scuola-di-formazione-teologica","status":"publish","type":"post","link":"https:\/\/diocesi.concordia-pordenone.it\/scuola\/prolusione-della-scuola-di-formazione-teologica\/","title":{"rendered":"Prolusione della Scuola di Formazione Teologica"},"content":{"rendered":"<p>Carissimi,<\/p>\n<p>ho il piacere di invitarvi alla <strong>prolusione della Scuola di Formazione Teologica<\/strong> che si terr\u00e0 <strong>venerd\u00ec 29 ottobre, alle ore 20.30 a Pordenone presso l\u2019Auditorium del Vendramini (Via B.E. Vendramini 2)<\/strong>.<\/p>\n<p>L\u2019incontro ha come tema <strong><em>Sinodalit\u00e0 per una Chiesa che abita il mondo moderno<\/em>, interviene don Roberto Repole<\/strong>, docente di teologia sistematica presso la Facolt\u00e0 Teologica di Torino. Egli ci accompagner\u00e0 a comprendere il significato pi\u00f9 profondo di questo percorso sinodale che la Chiesa si appresta a vivere perch\u00e9, come afferma Papa Francesco richiamandosi al Concilio Vaticano II: \u201ccamminando insieme, e insieme riflettendo sul percorso compiuto, la Chiesa potr\u00e0 imparare da ci\u00f2 che andr\u00e0 sperimentando quali processi possono aiutarla a vivere la comunione, a realizzare la partecipazione, ad aprirsi alla missione\u201d.<\/p>\n<p><strong>Per la partecipazione \u00e8 richiesto di iscriversi rispondendo a questa mail e segnalando Cognome e Nome entro il 27 ottobre p.v., all\u2019ingresso verr\u00f2 verificato il greenpass.<\/strong><\/p>\n<p>Auspicando una larga partecipazione, vi ringrazio per l\u2019attenzione e la diffusione che vorrete dare alla presente.<\/p>\n<p><em>Don Maurizio Girolami<\/em><\/p>\n<p><em>Direttore Scuola<\/em><\/p>\n","protected":false},"excerpt":{"rendered":"<p>Carissimi, ho il piacere di invitarvi alla prolusione della Scuola di Formazione Teologica che si terr\u00e0 venerd\u00ec 29 ottobre, alle ore 20.30 a Pordenone presso l\u2019Auditorium del Vendramini (Via B.E. Vendramini 2). L\u2019incontro ha come tema Sinodalit\u00e0 per una Chiesa che abita il mondo moderno, interviene don Roberto Repole, docente di teologia sistematica presso la Facolt\u00e0 Teologica di Torino. Egli ci accompagner\u00e0 a comprendere il &hellip; <a href=\"https:\/\/diocesi.concordia-pordenone.it\/scuola\/prolusione-della-scuola-di-formazione-teologica\/\" class=\"more-link\">Continue reading <span class=\"screen-reader-text\"><\/span> <span class=\"meta-nav\">&raquo;<\/span><\/a><\/p>\n","protected":false},"author":0,"featured_media":583,"comment_status":"closed","ping_status":"closed","sticky":false,"template":"","format":"standard","meta":{"_acf_changed":false,"footnotes":""},"categories":[4,3],"tags":[],"class_list":["post-562","post","type-post","status-publish","format-standard","has-post-thumbnail","hentry","category-le-buone-pratiche","category-news"],"acf":[],"_links":{"self":[{"href":"https:\/\/diocesi.concordia-pordenone.it\/scuola\/wp-json\/wp\/v2\/posts\/562","targetHints":{"allow":["GET"]}}],"collection":[{"href":"https:\/\/diocesi.concordia-pordenone.it\/scuola\/wp-json\/wp\/v2\/posts"}],"about":[{"href":"https:\/\/diocesi.concordia-pordenone.it\/scuola\/wp-json\/wp\/v2\/types\/post"}],"author":[{"embeddable":true,"href":"https:\/\/diocesi.concordia-pordenone.it\/scuola\/wp-json\/wp\/v2\/users\/8"}],"replies":[{"embeddable":true,"href":"https:\/\/diocesi.concordia-pordenone.it\/scuola\/wp-json\/wp\/v2\/comments?post=562"}],"version-history":[{"count":1,"href":"https:\/\/diocesi.concordia-pordenone.it\/scuola\/wp-json\/wp\/v2\/posts\/562\/revisions"}],"predecessor-version":[{"id":564,"href":"https:\/\/diocesi.concordia-pordenone.it\/scuola\/wp-json\/wp\/v2\/posts\/562\/revisions\/564"}],"wp:featuredmedia":[{"embeddable":true,"href":"https:\/\/diocesi.concordia-pordenone.it\/scuola\/wp-json\/wp\/v2\/media\/583"}],"wp:attachment":[{"href":"https:\/\/diocesi.concordia-pordenone.it\/scuola\/wp-json\/wp\/v2\/media?parent=562"}],"wp:term":[{"taxonomy":"category","embeddable":true,"href":"https:\/\/diocesi.concordia-pordenone.it\/scuola\/wp-json\/wp\/v2\/categories?post=562"},{"taxonomy":"post_tag","embeddable":true,"href":"https:\/\/diocesi.concordia-pordenone.it\/scuola\/wp-json\/wp\/v2\/tags?post=562"}],"curies":[{"name":"wp","href":"https:\/\/api.w.org\/{rel}","templated":true}]}}