{"id":570,"date":"2021-10-27T15:05:56","date_gmt":"2021-10-27T13:05:56","guid":{"rendered":"https:\/\/diocesi.concordia-pordenone.it\/scuola\/?p=570"},"modified":"2021-10-27T15:15:28","modified_gmt":"2021-10-27T13:15:28","slug":"la-casa-per-la-pace-organizza-conversazioni-sul-gesu-storico-guidate-da-vincenzo-pezzino-3-5-dicembre-2021","status":"publish","type":"post","link":"https:\/\/diocesi.concordia-pordenone.it\/scuola\/la-casa-per-la-pace-organizza-conversazioni-sul-gesu-storico-guidate-da-vincenzo-pezzino-3-5-dicembre-2021\/","title":{"rendered":"La Casa per la Pace organizza: &#8220;Conversazioni sul Ges\u00f9 storico&#8221; guidate da Vincenzo Pezzino 3-5 dicembre 2021"},"content":{"rendered":"<p>I prossimi 3, 4 e 5 dicembre <b>la Casa per la Pace<\/b> \u00e8 lieta di ospitare un prezioso evento a cura del &#8220;nostro&#8221; prof. Enzo Pezzino del Punto Pace di Catania che ci guider\u00e0 in una riflessione sul Ges\u00f9 storico. Si tratta di un modulo compatto di sei lezioni di un&#8217;ora ciascuna che avranno luogo da venerd\u00ec pomeriggio a domenica a pranzo. Finalmente in presenza, chiunque lo desideri potr\u00e0 quindi partecipare soggiornando alla Casa (per l&#8217;intero periodo \u00e8 richiesto un contributo complessivo di 100 euro) oppure scegliendo di frequentare le lezioni (contributo per il corso di 20 euro) ed eventualmente di condividere con noi i pasti (contributo di 15 euro).<\/p>\n<p>In allegato trovate la locandina dell&#8217;iniziativa, il programma dettagliato delle lezioni e una presentazione del prof. Pezzino e del suo lavoro sul tema oggetto della riflessione.<\/p>\n<p>Chiunque desideri avere informazioni ulteriori o iscriversi pu\u00f2 mandare una e.mail all&#8217;indirizzo di posta elettronica <a href=\"mailto:info@paxchristi.it\">info@paxchristi.it<\/a>.<\/p>\n<p>Vi aspettiamo.<\/p>\n<p><a href=\"https:\/\/www.paxchristi.it\/?p=18626\">\u201cConversazioni sul Ges\u00f9 storico\u201d | Paxchristi<\/a><\/p>\n<p>Un saluto di pace a tutti<\/p>\n<p>Segreteria Nazionale Pax Christi Italia<br \/>\nVia Quintole per le Rose, 131<br \/>\n50023 Impruneta (FI)<br \/>\nTel. 055 2020375<\/p>\n","protected":false},"excerpt":{"rendered":"<p>I prossimi 3, 4 e 5 dicembre la Casa per la Pace \u00e8 lieta di ospitare un prezioso evento a cura del &#8220;nostro&#8221; prof. Enzo Pezzino del Punto Pace di Catania che ci guider\u00e0 in una riflessione sul Ges\u00f9 storico. Si tratta di un modulo compatto di sei lezioni di un&#8217;ora ciascuna che avranno luogo da venerd\u00ec pomeriggio a domenica a pranzo. Finalmente in presenza, &hellip; <a href=\"https:\/\/diocesi.concordia-pordenone.it\/scuola\/la-casa-per-la-pace-organizza-conversazioni-sul-gesu-storico-guidate-da-vincenzo-pezzino-3-5-dicembre-2021\/\" class=\"more-link\">Continue reading <span class=\"screen-reader-text\"><\/span> <span class=\"meta-nav\">&raquo;<\/span><\/a><\/p>\n","protected":false},"author":0,"featured_media":572,"comment_status":"closed","ping_status":"closed","sticky":false,"template":"","format":"standard","meta":{"_acf_changed":false,"footnotes":""},"categories":[4,3],"tags":[],"class_list":["post-570","post","type-post","status-publish","format-standard","has-post-thumbnail","hentry","category-le-buone-pratiche","category-news"],"acf":[],"_links":{"self":[{"href":"https:\/\/diocesi.concordia-pordenone.it\/scuola\/wp-json\/wp\/v2\/posts\/570","targetHints":{"allow":["GET"]}}],"collection":[{"href":"https:\/\/diocesi.concordia-pordenone.it\/scuola\/wp-json\/wp\/v2\/posts"}],"about":[{"href":"https:\/\/diocesi.concordia-pordenone.it\/scuola\/wp-json\/wp\/v2\/types\/post"}],"author":[{"embeddable":true,"href":"https:\/\/diocesi.concordia-pordenone.it\/scuola\/wp-json\/wp\/v2\/users\/8"}],"replies":[{"embeddable":true,"href":"https:\/\/diocesi.concordia-pordenone.it\/scuola\/wp-json\/wp\/v2\/comments?post=570"}],"version-history":[{"count":1,"href":"https:\/\/diocesi.concordia-pordenone.it\/scuola\/wp-json\/wp\/v2\/posts\/570\/revisions"}],"predecessor-version":[{"id":574,"href":"https:\/\/diocesi.concordia-pordenone.it\/scuola\/wp-json\/wp\/v2\/posts\/570\/revisions\/574"}],"wp:featuredmedia":[{"embeddable":true,"href":"https:\/\/diocesi.concordia-pordenone.it\/scuola\/wp-json\/wp\/v2\/media\/572"}],"wp:attachment":[{"href":"https:\/\/diocesi.concordia-pordenone.it\/scuola\/wp-json\/wp\/v2\/media?parent=570"}],"wp:term":[{"taxonomy":"category","embeddable":true,"href":"https:\/\/diocesi.concordia-pordenone.it\/scuola\/wp-json\/wp\/v2\/categories?post=570"},{"taxonomy":"post_tag","embeddable":true,"href":"https:\/\/diocesi.concordia-pordenone.it\/scuola\/wp-json\/wp\/v2\/tags?post=570"}],"curies":[{"name":"wp","href":"https:\/\/api.w.org\/{rel}","templated":true}]}}